{"id":895,"date":"2018-06-18T16:07:00","date_gmt":"2018-06-18T16:07:00","guid":{"rendered":"http:\/\/xn--schtzenverein-weckhoven-epc.de\/?p=895"},"modified":"2019-02-14T13:14:28","modified_gmt":"2019-02-14T13:14:28","slug":"kroenungsball","status":"publish","type":"post","link":"https:\/\/xn--schtzenverein-weckhoven-epc.de\/?p=895","title":{"rendered":"Kr\u00f6nungsball"},"content":{"rendered":"<p>Der Sch\u00fctzenfestdienstag startete zun\u00e4chst sehr regnerisch. Als sich um 17:00 Uhr im katholischen Pfarrzentrum St. Paulus der Vorstand und die G\u00e4ste des K\u00f6nigs trafen, war zun\u00e4chst keine Besserung in Sicht. Das Gl\u00fcck war aber schlie\u00dflich doch auf der Seite der Weckhovener und so marschierten die Sch\u00fctzen um 18 Uhr los zur Parade vor der Maximilian-Kolbe-Stra\u00dfe. Nach einem Fahnenwalzer und erfolgter Parade machte sich der Kr\u00f6nungszug auf den Weg zum Festzelt. Viele B\u00fcrger erfreuten sich an den zahlreichen festlichen Kleidern der Hofstaatdamen.<\/p>\n<p><a href=\"http:\/\/xn--schtzenverein-weckhoven-epc.de\/wp-content\/uploads\/2018\/06\/K\u00f6nigspaar.jpg\"><img loading=\"lazy\" decoding=\"async\" class=\"size-medium wp-image-896 alignright\" src=\"http:\/\/xn--schtzenverein-weckhoven-epc.de\/wp-content\/uploads\/2018\/06\/K\u00f6nigspaar-238x300.jpg\" alt=\"\" width=\"238\" height=\"300\" srcset=\"https:\/\/xn--schtzenverein-weckhoven-epc.de\/wp-content\/uploads\/2018\/06\/K\u00f6nigspaar-238x300.jpg 238w, https:\/\/xn--schtzenverein-weckhoven-epc.de\/wp-content\/uploads\/2018\/06\/K\u00f6nigspaar-214x270.jpg 214w, https:\/\/xn--schtzenverein-weckhoven-epc.de\/wp-content\/uploads\/2018\/06\/K\u00f6nigspaar.jpg 535w\" sizes=\"auto, (max-width: 238px) 100vw, 238px\" \/><\/a><\/p>\n<p>Im Festzelt marschierte der Hofstaat durch das Spalier des Offizierskorps. In einem R\u00fcckblick stellte Vizepr\u00e4sident J\u00fcrgen Stellet insbesondere das besonders gute Wetter an diesem Sch\u00fctzenfestwochenende und den besonderen Einsatz unseres Oberst Johannes Steinhauer heraus, der trotz seiner Verletzung es sich nicht nehmen lassen hat sein Sch\u00fctzenfest zu feiern. Des Weiteren schaute er auf die Ernennung von Martin Kluth zum Ehrenmitglied und den grandiosen B\u00fcrgerball mit just:is zur\u00fcck.<\/p>\n<p>Oberst Johannes Steinhauer und Adjutant Godehard Fesser nahmen der Kr\u00f6nung von I.M. Conny Rei\u00df vor. Zu Tr\u00e4nen ger\u00fchrt winkte das K\u00f6nigspaar ihren Sch\u00fctzen zu, die ihnen stehend applaudierten.<\/p>\n<p>Mit dem Offiziersaufmarsch gratulierten die Korps dem K\u00f6nigspaar.<\/p>\n<p>In seiner Ansprache an seine Sch\u00fctzen dankte Thomas Rei\u00df an erster Stelle seiner Frau Conny. Ohne ihre Unterst\u00fctzung und ihre Organisation gemeinsam mit den Sch\u00fctzen der Artillerie h\u00e4tte er wohl nie den Schritt gewagt Sch\u00fctzenk\u00f6nig zu werden. Besonderen Dank sprach er auch Pr\u00e4sident Dieter Moll aus, der ihn im Vorfeld bestens unterst\u00fctzt hat.<\/p>\n<p>Der Kr\u00f6nungsabend endete mit dem Ehrentanz und im Anschluss bescherte die Roland Br\u00fcggen Band den Weckhovener Sch\u00fctzen und G\u00e4sten einen sch\u00f6nen letzten Partyabend.<\/p>\n","protected":false},"excerpt":{"rendered":"<p>Der Sch\u00fctzenfestdienstag startete zun\u00e4chst sehr regnerisch. Als sich um 17:00 Uhr im katholischen Pfarrzentrum St. Paulus der Vorstand und die G\u00e4ste des K\u00f6nigs trafen, war zun\u00e4chst keine Besserung in Sicht. Das Gl\u00fcck war aber schlie\u00dflich doch auf der Seite der Weckhovener und so marschierten die Sch\u00fctzen um 18 Uhr los zur Parade vor der Maximilian-Kolbe-Stra\u00dfe. Nach einem Fahnenwalzer und erfolgter Parade machte sich der Kr\u00f6nungszug auf den Weg zum Festzelt. Viele B\u00fcrger erfreuten sich an den zahlreichen festlichen Kleidern der&#8230;<\/p>\n<p class=\"read-more\"><a class=\"btn btn-default\" href=\"https:\/\/xn--schtzenverein-weckhoven-epc.de\/?p=895\">Weiterlesen<span class=\"screen-reader-text\"> Weiterlesen<\/span><\/a><\/p>\n","protected":false},"author":2,"featured_media":0,"comment_status":"closed","ping_status":"closed","sticky":false,"template":"","format":"standard","meta":{"footnotes":""},"categories":[25],"tags":[],"class_list":["post-895","post","type-post","status-publish","format-standard","hentry","category-archiv-2018"],"_links":{"self":[{"href":"https:\/\/xn--schtzenverein-weckhoven-epc.de\/index.php?rest_route=\/wp\/v2\/posts\/895","targetHints":{"allow":["GET"]}}],"collection":[{"href":"https:\/\/xn--schtzenverein-weckhoven-epc.de\/index.php?rest_route=\/wp\/v2\/posts"}],"about":[{"href":"https:\/\/xn--schtzenverein-weckhoven-epc.de\/index.php?rest_route=\/wp\/v2\/types\/post"}],"author":[{"embeddable":true,"href":"https:\/\/xn--schtzenverein-weckhoven-epc.de\/index.php?rest_route=\/wp\/v2\/users\/2"}],"replies":[{"embeddable":true,"href":"https:\/\/xn--schtzenverein-weckhoven-epc.de\/index.php?rest_route=%2Fwp%2Fv2%2Fcomments&post=895"}],"version-history":[{"count":3,"href":"https:\/\/xn--schtzenverein-weckhoven-epc.de\/index.php?rest_route=\/wp\/v2\/posts\/895\/revisions"}],"predecessor-version":[{"id":1052,"href":"https:\/\/xn--schtzenverein-weckhoven-epc.de\/index.php?rest_route=\/wp\/v2\/posts\/895\/revisions\/1052"}],"wp:attachment":[{"href":"https:\/\/xn--schtzenverein-weckhoven-epc.de\/index.php?rest_route=%2Fwp%2Fv2%2Fmedia&parent=895"}],"wp:term":[{"taxonomy":"category","embeddable":true,"href":"https:\/\/xn--schtzenverein-weckhoven-epc.de\/index.php?rest_route=%2Fwp%2Fv2%2Fcategories&post=895"},{"taxonomy":"post_tag","embeddable":true,"href":"https:\/\/xn--schtzenverein-weckhoven-epc.de\/index.php?rest_route=%2Fwp%2Fv2%2Ftags&post=895"}],"curies":[{"name":"wp","href":"https:\/\/api.w.org\/{rel}","templated":true}]}}