{"id":869,"date":"2018-05-06T17:34:41","date_gmt":"2018-05-06T17:34:41","guid":{"rendered":"http:\/\/xn--schtzenverein-weckhoven-epc.de\/?p=869"},"modified":"2019-02-14T13:16:10","modified_gmt":"2019-02-14T13:16:10","slug":"bericht-ueberstehrenabend","status":"publish","type":"post","link":"https:\/\/xn--schtzenverein-weckhoven-epc.de\/?p=869","title":{"rendered":"Bericht Oberstehrenabend"},"content":{"rendered":"<p>Das diesj\u00e4hrige K\u00f6nigsvogelschie\u00dfen begann an einem sehr sonnigen Tag um 13:30 Uhr mit der Ermittlung des Sch\u00fclerk\u00f6nigs im Festzelt. Erstmalig in unserer Vereinsgeschichte haben wir in diesem Jahr mit Carolin Beil eine Sch\u00fclerk\u00f6nigin. Ihre Ritter sind Phillip Szlaski, Lea Thormann, Leon Hoffmann und Jonas Grundmann (<em>weitere Informationen siehe:<a href=\"http:\/\/xn--schtzenverein-weckhoven-epc.de\/?p=838\">http:\/\/xn--schtzenverein-weckhoven-epc.de\/?p=838<\/a><\/em>).<\/p>\n<p>Nachdem die Jungsch\u00fctzen gemeinsam mit dem Schie\u00dfmeistern und Zuschauern zu den anderen Sch\u00fctzen ins Partytur gesto\u00dfen sind, wurde das freundlicherweise vom Wirt Thomas Wenning zur Verf\u00fcgung gestellte Freibier f\u00fcr alle G\u00e4ste freigegeben. Die Schie\u00dfveranstaltungen mit dem neu angeschafften Gewehr begannen mit der Ermittlung des Jungsch\u00fctzenk\u00f6nigs. Hierbei konnte sich Marco B\u00f6lling gegen seine Mitstreiter durchsetzen. Seine Ritter sind Rene Adolfs, Janina Kalinowski, Dominik Schmitz und Nicolai Wesseling (<em>weitere Informationen siehe:<a href=\"http:\/\/xn--schtzenverein-weckhoven-epc.de\/?p=852\">http:\/\/xn--schtzenverein-weckhoven-epc.de\/?p=838<\/a><\/em>).<\/p>\n<p>Aufgrund fortgeschrittener Zeit wurde das Preisvogelschie\u00dfen ausgesetzt und es kam zum Schie\u00dfen der Regimentsritter. Hierbei waren folgende Sch\u00fctzen erfolgreich:<\/p>\n<ul>\n<li>Kopf: Heinz-Peter Cla\u00dfen &#8211; 31. Schuss<\/li>\n<li>rechter Fl\u00fcgel: Daniel Simons &#8211; 19. Schuss<\/li>\n<li>linker Fl\u00fcgel: Dennis Fiebig &#8211; 28. Schuss<\/li>\n<li>Schweif: Richard Stephan Odendahl &#8211; 19. Schuss<\/li>\n<\/ul>\n<p>Nachdem das Ritterschie\u00dfen abgeschlossen war, kam der gro\u00dfe Moment f\u00fcr unseren K\u00f6nigsaspiranten Thomas Rei\u00df. Mit dem 43. Schuss holte er den Vogel unter dem Jubel der Weckhovener Sch\u00fctzen und G\u00e4ste den Vogel von der Stange. Seine Kameraden aus dem Artilleriecorps feierten ihren neuen K\u00f6nig und Pr\u00e4sident Dieter Moll \u00fcberreichte ihm die K\u00f6nigskette.<\/p>\n<p>Grenadiermajor Bernd Linkamp gab, nachdem alle unserem neuen Sch\u00fctzenk\u00f6nig gratuliert hatten, dass traditionelle Kommando &#8222;Oberst nach Hus&#8220;. Im Anschluss machten sich die Sch\u00fctzen bereit und stellten sich auf dem Lindenplatz zum Abmarsch auf. Nach dem Vorbeimarsch beim Oberst marschierten die Sch\u00fctzen nebst Hofstaat in das Festzelt.<\/p>\n<p>Pr\u00e4sident Dieter Moll stellte den Sch\u00fctzen und G\u00e4sten die Sieger der Schie\u00dfwettbewerbe vor und \u00fcbergab Obers Johannes Steinhauer das Regiment f\u00fcr die Sch\u00fctzenfesttage. Die Majore marschierten danach zur Gratulation auf und der Ehrentanz beendete den offiziellen Teil. Im Anschluss versorgte die Partyband &#8222;popcorn&#8220; alle G\u00e4ste mit guter Tanzmusik.<\/p>\n<div id='gallery-1' class='gallery galleryid-869 gallery-columns-2 gallery-size-medium'><figure class='gallery-item'>\n\t\t\t<div class='gallery-icon landscape'>\n\t\t\t\t<a href='https:\/\/xn--schtzenverein-weckhoven-epc.de\/?attachment_id=872'><img loading=\"lazy\" decoding=\"async\" width=\"300\" height=\"225\" src=\"https:\/\/xn--schtzenverein-weckhoven-epc.de\/wp-content\/uploads\/2018\/05\/Partytur-300x225.jpg\" class=\"attachment-medium size-medium\" alt=\"\" aria-describedby=\"gallery-1-872\" srcset=\"https:\/\/xn--schtzenverein-weckhoven-epc.de\/wp-content\/uploads\/2018\/05\/Partytur-300x225.jpg 300w, https:\/\/xn--schtzenverein-weckhoven-epc.de\/wp-content\/uploads\/2018\/05\/Partytur-768x576.jpg 768w, https:\/\/xn--schtzenverein-weckhoven-epc.de\/wp-content\/uploads\/2018\/05\/Partytur-1024x768.jpg 1024w, https:\/\/xn--schtzenverein-weckhoven-epc.de\/wp-content\/uploads\/2018\/05\/Partytur-360x270.jpg 360w\" sizes=\"auto, (max-width: 300px) 100vw, 300px\" \/><\/a>\n\t\t\t<\/div>\n\t\t\t\t<figcaption class='wp-caption-text gallery-caption' id='gallery-1-872'>\n\t\t\t\tSch\u00fctzen im Biergarten der Partytur\n\t\t\t\t<\/figcaption><\/figure><figure class='gallery-item'>\n\t\t\t<div class='gallery-icon portrait'>\n\t\t\t\t<a href='https:\/\/xn--schtzenverein-weckhoven-epc.de\/?attachment_id=870'><img loading=\"lazy\" decoding=\"async\" width=\"225\" height=\"300\" src=\"https:\/\/xn--schtzenverein-weckhoven-epc.de\/wp-content\/uploads\/2018\/05\/K\u00f6nigsschuss-225x300.jpg\" class=\"attachment-medium size-medium\" alt=\"\" aria-describedby=\"gallery-1-870\" srcset=\"https:\/\/xn--schtzenverein-weckhoven-epc.de\/wp-content\/uploads\/2018\/05\/K\u00f6nigsschuss-225x300.jpg 225w, https:\/\/xn--schtzenverein-weckhoven-epc.de\/wp-content\/uploads\/2018\/05\/K\u00f6nigsschuss-768x1024.jpg 768w, https:\/\/xn--schtzenverein-weckhoven-epc.de\/wp-content\/uploads\/2018\/05\/K\u00f6nigsschuss-203x270.jpg 203w\" sizes=\"auto, (max-width: 225px) 100vw, 225px\" \/><\/a>\n\t\t\t<\/div>\n\t\t\t\t<figcaption class='wp-caption-text gallery-caption' id='gallery-1-870'>\n\t\t\t\tK\u00f6nigsschuss\n\t\t\t\t<\/figcaption><\/figure><figure class='gallery-item'>\n\t\t\t<div class='gallery-icon portrait'>\n\t\t\t\t<a href='https:\/\/xn--schtzenverein-weckhoven-epc.de\/?attachment_id=871'><img loading=\"lazy\" decoding=\"async\" width=\"225\" height=\"300\" src=\"https:\/\/xn--schtzenverein-weckhoven-epc.de\/wp-content\/uploads\/2018\/05\/Oberst-gratuliert-225x300.jpg\" class=\"attachment-medium size-medium\" alt=\"\" aria-describedby=\"gallery-1-871\" srcset=\"https:\/\/xn--schtzenverein-weckhoven-epc.de\/wp-content\/uploads\/2018\/05\/Oberst-gratuliert-225x300.jpg 225w, https:\/\/xn--schtzenverein-weckhoven-epc.de\/wp-content\/uploads\/2018\/05\/Oberst-gratuliert-768x1024.jpg 768w, https:\/\/xn--schtzenverein-weckhoven-epc.de\/wp-content\/uploads\/2018\/05\/Oberst-gratuliert-203x270.jpg 203w\" sizes=\"auto, (max-width: 225px) 100vw, 225px\" \/><\/a>\n\t\t\t<\/div>\n\t\t\t\t<figcaption class='wp-caption-text gallery-caption' id='gallery-1-871'>\n\t\t\t\tGratulation des Obersts\n\t\t\t\t<\/figcaption><\/figure><figure class='gallery-item'>\n\t\t\t<div class='gallery-icon portrait'>\n\t\t\t\t<a href='https:\/\/xn--schtzenverein-weckhoven-epc.de\/?attachment_id=873'><img loading=\"lazy\" decoding=\"async\" width=\"225\" height=\"300\" src=\"https:\/\/xn--schtzenverein-weckhoven-epc.de\/wp-content\/uploads\/2018\/05\/Proklamation-des-K\u00f6nigs-225x300.jpg\" class=\"attachment-medium size-medium\" alt=\"\" aria-describedby=\"gallery-1-873\" srcset=\"https:\/\/xn--schtzenverein-weckhoven-epc.de\/wp-content\/uploads\/2018\/05\/Proklamation-des-K\u00f6nigs-225x300.jpg 225w, https:\/\/xn--schtzenverein-weckhoven-epc.de\/wp-content\/uploads\/2018\/05\/Proklamation-des-K\u00f6nigs-768x1024.jpg 768w, https:\/\/xn--schtzenverein-weckhoven-epc.de\/wp-content\/uploads\/2018\/05\/Proklamation-des-K\u00f6nigs-203x270.jpg 203w\" sizes=\"auto, (max-width: 225px) 100vw, 225px\" \/><\/a>\n\t\t\t<\/div>\n\t\t\t\t<figcaption class='wp-caption-text gallery-caption' id='gallery-1-873'>\n\t\t\t\tProklamation des K\u00f6nigs\n\t\t\t\t<\/figcaption><\/figure><figure class='gallery-item'>\n\t\t\t<div class='gallery-icon portrait'>\n\t\t\t\t<a href='https:\/\/xn--schtzenverein-weckhoven-epc.de\/?attachment_id=877'><img loading=\"lazy\" decoding=\"async\" width=\"225\" height=\"300\" src=\"https:\/\/xn--schtzenverein-weckhoven-epc.de\/wp-content\/uploads\/2018\/05\/Gratulation-Pr\u00e4sident-225x300.jpg\" class=\"attachment-medium size-medium\" alt=\"\" aria-describedby=\"gallery-1-877\" srcset=\"https:\/\/xn--schtzenverein-weckhoven-epc.de\/wp-content\/uploads\/2018\/05\/Gratulation-Pr\u00e4sident-225x300.jpg 225w, https:\/\/xn--schtzenverein-weckhoven-epc.de\/wp-content\/uploads\/2018\/05\/Gratulation-Pr\u00e4sident-768x1024.jpg 768w, https:\/\/xn--schtzenverein-weckhoven-epc.de\/wp-content\/uploads\/2018\/05\/Gratulation-Pr\u00e4sident-203x270.jpg 203w\" sizes=\"auto, (max-width: 225px) 100vw, 225px\" \/><\/a>\n\t\t\t<\/div>\n\t\t\t\t<figcaption class='wp-caption-text gallery-caption' id='gallery-1-877'>\n\t\t\t\tGratulation des Pr\u00e4sidenten\n\t\t\t\t<\/figcaption><\/figure><figure class='gallery-item'>\n\t\t\t<div class='gallery-icon portrait'>\n\t\t\t\t<a href='https:\/\/xn--schtzenverein-weckhoven-epc.de\/?attachment_id=875'><img loading=\"lazy\" decoding=\"async\" width=\"225\" height=\"300\" src=\"https:\/\/xn--schtzenverein-weckhoven-epc.de\/wp-content\/uploads\/2018\/05\/Sch\u00fctzenk\u00f6nig-Thomas-III.-Rei\u00df-225x300.jpg\" class=\"attachment-medium size-medium\" alt=\"\" srcset=\"https:\/\/xn--schtzenverein-weckhoven-epc.de\/wp-content\/uploads\/2018\/05\/Sch\u00fctzenk\u00f6nig-Thomas-III.-Rei\u00df-225x300.jpg 225w, https:\/\/xn--schtzenverein-weckhoven-epc.de\/wp-content\/uploads\/2018\/05\/Sch\u00fctzenk\u00f6nig-Thomas-III.-Rei\u00df-768x1024.jpg 768w, https:\/\/xn--schtzenverein-weckhoven-epc.de\/wp-content\/uploads\/2018\/05\/Sch\u00fctzenk\u00f6nig-Thomas-III.-Rei\u00df-203x270.jpg 203w\" sizes=\"auto, (max-width: 225px) 100vw, 225px\" \/><\/a>\n\t\t\t<\/div><\/figure>\n\t\t<\/div>\n\n<p>&nbsp;<\/p>\n","protected":false},"excerpt":{"rendered":"<p>Das diesj\u00e4hrige K\u00f6nigsvogelschie\u00dfen begann an einem sehr sonnigen Tag um 13:30 Uhr mit der Ermittlung des Sch\u00fclerk\u00f6nigs im Festzelt. Erstmalig in unserer Vereinsgeschichte haben wir in diesem Jahr mit Carolin Beil eine Sch\u00fclerk\u00f6nigin. Ihre Ritter sind Phillip Szlaski, Lea Thormann, Leon Hoffmann und Jonas Grundmann (weitere Informationen siehe:http:\/\/xn--schtzenverein-weckhoven-epc.de\/?p=838). Nachdem die Jungsch\u00fctzen gemeinsam mit dem Schie\u00dfmeistern und Zuschauern zu den anderen Sch\u00fctzen ins Partytur gesto\u00dfen sind, wurde das freundlicherweise vom Wirt Thomas Wenning zur Verf\u00fcgung gestellte Freibier f\u00fcr alle G\u00e4ste freigegeben&#8230;.<\/p>\n<p class=\"read-more\"><a class=\"btn btn-default\" href=\"https:\/\/xn--schtzenverein-weckhoven-epc.de\/?p=869\">Weiterlesen<span class=\"screen-reader-text\"> Weiterlesen<\/span><\/a><\/p>\n","protected":false},"author":2,"featured_media":0,"comment_status":"closed","ping_status":"closed","sticky":false,"template":"","format":"standard","meta":{"footnotes":""},"categories":[25],"tags":[],"class_list":["post-869","post","type-post","status-publish","format-standard","hentry","category-archiv-2018"],"_links":{"self":[{"href":"https:\/\/xn--schtzenverein-weckhoven-epc.de\/index.php?rest_route=\/wp\/v2\/posts\/869","targetHints":{"allow":["GET"]}}],"collection":[{"href":"https:\/\/xn--schtzenverein-weckhoven-epc.de\/index.php?rest_route=\/wp\/v2\/posts"}],"about":[{"href":"https:\/\/xn--schtzenverein-weckhoven-epc.de\/index.php?rest_route=\/wp\/v2\/types\/post"}],"author":[{"embeddable":true,"href":"https:\/\/xn--schtzenverein-weckhoven-epc.de\/index.php?rest_route=\/wp\/v2\/users\/2"}],"replies":[{"embeddable":true,"href":"https:\/\/xn--schtzenverein-weckhoven-epc.de\/index.php?rest_route=%2Fwp%2Fv2%2Fcomments&post=869"}],"version-history":[{"count":3,"href":"https:\/\/xn--schtzenverein-weckhoven-epc.de\/index.php?rest_route=\/wp\/v2\/posts\/869\/revisions"}],"predecessor-version":[{"id":884,"href":"https:\/\/xn--schtzenverein-weckhoven-epc.de\/index.php?rest_route=\/wp\/v2\/posts\/869\/revisions\/884"}],"wp:attachment":[{"href":"https:\/\/xn--schtzenverein-weckhoven-epc.de\/index.php?rest_route=%2Fwp%2Fv2%2Fmedia&parent=869"}],"wp:term":[{"taxonomy":"category","embeddable":true,"href":"https:\/\/xn--schtzenverein-weckhoven-epc.de\/index.php?rest_route=%2Fwp%2Fv2%2Fcategories&post=869"},{"taxonomy":"post_tag","embeddable":true,"href":"https:\/\/xn--schtzenverein-weckhoven-epc.de\/index.php?rest_route=%2Fwp%2Fv2%2Ftags&post=869"}],"curies":[{"name":"wp","href":"https:\/\/api.w.org\/{rel}","templated":true}]}}