{"id":860,"date":"2018-05-06T16:36:25","date_gmt":"2018-05-06T16:36:25","guid":{"rendered":"http:\/\/xn--schtzenverein-weckhoven-epc.de\/?p=860"},"modified":"2019-02-14T13:14:10","modified_gmt":"2019-02-14T13:14:10","slug":"schuetzenkoenig-2","status":"publish","type":"post","link":"https:\/\/xn--schtzenverein-weckhoven-epc.de\/?p=860","title":{"rendered":"Sch\u00fctzenk\u00f6nig"},"content":{"rendered":"<figure id=\"attachment_862\" aria-describedby=\"caption-attachment-862\" style=\"width: 640px\" class=\"wp-caption alignleft\"><a href=\"http:\/\/xn--schtzenverein-weckhoven-epc.de\/wp-content\/uploads\/2018\/05\/Sch\u00fctzenk\u00f6nig-Thomas-III-Rei\u00df-und-K\u00f6nigin-Conny.jpg\"><img loading=\"lazy\" decoding=\"async\" class=\"size-large wp-image-862\" src=\"http:\/\/xn--schtzenverein-weckhoven-epc.de\/wp-content\/uploads\/2018\/05\/Sch\u00fctzenk\u00f6nig-Thomas-III-Rei\u00df-und-K\u00f6nigin-Conny-768x1024.jpg\" alt=\"Sch\u00fctzenk\u00f6nig Thomas III Rei\u00df und K\u00f6nigin Conny\" width=\"640\" height=\"853\" srcset=\"https:\/\/xn--schtzenverein-weckhoven-epc.de\/wp-content\/uploads\/2018\/05\/Sch\u00fctzenk\u00f6nig-Thomas-III-Rei\u00df-und-K\u00f6nigin-Conny-768x1024.jpg 768w, https:\/\/xn--schtzenverein-weckhoven-epc.de\/wp-content\/uploads\/2018\/05\/Sch\u00fctzenk\u00f6nig-Thomas-III-Rei\u00df-und-K\u00f6nigin-Conny-225x300.jpg 225w, https:\/\/xn--schtzenverein-weckhoven-epc.de\/wp-content\/uploads\/2018\/05\/Sch\u00fctzenk\u00f6nig-Thomas-III-Rei\u00df-und-K\u00f6nigin-Conny-203x270.jpg 203w\" sizes=\"auto, (max-width: 640px) 100vw, 640px\" \/><\/a><figcaption id=\"caption-attachment-862\" class=\"wp-caption-text\">Sch\u00fctzenk\u00f6nig Thomas III Rei\u00df und K\u00f6nigin Conny<\/figcaption><\/figure>\n<h2><\/h2>\n<h2>Thomas III. Rei\u00df und K\u00f6nigin Conny<\/h2>\n<h3>Ein K\u00f6nigspaar aus dem hohen Norden<\/h3>\n<p>Am vergangenen Oberstehrenabend war es endlich so weit. Thomas Rei\u00df hat auf dem Schie\u00dfstand der Partytur Weckhoven mit dem 43. Schuss den Vogel von der Stange geholt. Hiermit erf\u00fcllt er sich und seiner K\u00f6nigin Conny einen lang gehegten Wunsch.<\/p>\n<p>Der 55 Jahre alte Schichtleiter im Lager einer Meierei ist seit 2012 mit seiner Frau Conny verheiratet, und seit 2009 Mitglied des Weckhovener Artilleriekorps. Dort bekleidet er die Funktion des Standartentr\u00e4gers im Rang eines Leutnants. Thomas und Conny haben gemeinsam f\u00fcnf erwachsene S\u00f6hne im Alter von 25 bis 30 Jahren und wohnen in L\u00fcbeck.<\/p>\n<p>Diese Besonderheit macht unser diesj\u00e4hriges K\u00f6nigspaar einzigartig in der Geschichte unseres Dorfes. Seit nunmehr 9 Jahren reist Thomas \u00fcber 900 km von L\u00fcbeck nach Weckhoven, um an unserem sch\u00f6nen Sch\u00fctzenfest teilzunehmen. Unter Ber\u00fccksichtigung dieser Aufw\u00e4nde, dr\u00e4ngen sich einige Fragen auf: <em>Woher die Verbindung zu Weckhoven? Woher diese Verr\u00fccktheit?<\/em><\/p>\n<p>Als verr\u00fcckt bezeichnet sich seine Majest\u00e4t \u00fcbrigens selbst. Der Kontakt zu unserem Dorf wurde \u00fcber Mark Knuppertz hergestellt, welcher Thomas mit einem gemeinsamen Freund zusammen in L\u00fcbeck besucht hatte. Die Sympathie stimmte sofort und so war Thomas, der das Sch\u00fctzenwesen schon aus Berkenthin kannte, wo er von 2000 bis 2012 Mitglied und Sportsch\u00fctze war, zum Weckhovener Sch\u00fctzenfest eingeladen. Nat\u00fcrlich hat er die Einladung angenommen und war sofort von der offenen rheinl\u00e4ndischen Art begeistert, denn das Artilleriekorps und die Weckhovener Sch\u00fctzen haben unsere Majest\u00e4t schnell in die Dorfgemeinschaft aufgenommen. Was Thomas des Weiteren an unserer Art Sch\u00fctzenfest zu feiern gef\u00e4llt, sind die vielen Programmpunkte \u00fcber das Wochenende und die gro\u00dfen Umz\u00fcge. Diese Gr\u00f6\u00dfenordnung der Festivit\u00e4ten und auch die gut durchmischte Altersstruktur hatte er im Berkenthiner Sch\u00fctzenverein vermisst. Und so dauerte es nicht lange, bis in ihm der Wunsch heranwuchs in Weckhoven eines Tages Sch\u00fctzenk\u00f6nig zu sein.<\/p>\n<p>Dieser Wunsch war K\u00f6nigin Conny schon zur Hochzeit im Jahre 2012 bekannt. Sie selbst lernte unser Sch\u00fctzenfest in dem Regierungsjahr von Klaus und Nadine Knuppertz kennen und war so begeistert, dass sie gemeinsam mit den Freunden aus dem Artilleriekorps die Planung der gemeinsamen K\u00f6nigsw\u00fcrde in Angriff nahm.<\/p>\n<p>Nunmehr ist der Wunsch von Thomas und Conny in Erf\u00fcllung gegangen. Neben den Umz\u00fcgen und der K\u00f6nigsparade freut sich das K\u00f6nigspaar ganz besonders auf den Kindergartenumzug nach der Er\u00f6ffnung des Festes am Sch\u00fctzenfestsamstag, zu welchem die kleinsten Mitglieder unserer Dorfgemeinschaft in den Uniformen der verschiedenen Korps \u00fcber den Lindenplatz ziehen, und auf den Besuch der Grundschule am Sch\u00fctzenfestmontag. Die Begeisterung der Schulkinder, wenn die Sch\u00fctzen mit Musik auf dem Schulhof einziehen und die sch\u00f6nsten gemalten Bilder pr\u00e4miert werden, erfreut unser K\u00f6nigspaar besonders.<\/p>\n<p>Wir w\u00fcnschen unserem einzigartigen K\u00f6nigspaar Thomas III und Conny Rei\u00df ein wundersch\u00f6nes Sch\u00fctzenfest bei sonnigem Wetter und ein tolles Regierungsjahr 2018\/2019.<\/p>\n<p>&nbsp;<\/p>\n<p>&nbsp;<\/p>\n<p>&nbsp;<\/p>\n","protected":false},"excerpt":{"rendered":"<p>Thomas III. Rei\u00df und K\u00f6nigin Conny Ein K\u00f6nigspaar aus dem hohen Norden Am vergangenen Oberstehrenabend war es endlich so weit. Thomas Rei\u00df hat auf dem Schie\u00dfstand der Partytur Weckhoven mit dem 43. Schuss den Vogel von der Stange geholt. Hiermit erf\u00fcllt er sich und seiner K\u00f6nigin Conny einen lang gehegten Wunsch. Der 55 Jahre alte Schichtleiter im Lager einer Meierei ist seit 2012 mit seiner Frau Conny verheiratet, und seit 2009 Mitglied des Weckhovener Artilleriekorps. Dort bekleidet er die Funktion&#8230;<\/p>\n<p class=\"read-more\"><a class=\"btn btn-default\" href=\"https:\/\/xn--schtzenverein-weckhoven-epc.de\/?p=860\">Weiterlesen<span class=\"screen-reader-text\"> Weiterlesen<\/span><\/a><\/p>\n","protected":false},"author":2,"featured_media":0,"comment_status":"closed","ping_status":"closed","sticky":false,"template":"","format":"standard","meta":{"footnotes":""},"categories":[25],"tags":[],"class_list":["post-860","post","type-post","status-publish","format-standard","hentry","category-archiv-2018"],"_links":{"self":[{"href":"https:\/\/xn--schtzenverein-weckhoven-epc.de\/index.php?rest_route=\/wp\/v2\/posts\/860","targetHints":{"allow":["GET"]}}],"collection":[{"href":"https:\/\/xn--schtzenverein-weckhoven-epc.de\/index.php?rest_route=\/wp\/v2\/posts"}],"about":[{"href":"https:\/\/xn--schtzenverein-weckhoven-epc.de\/index.php?rest_route=\/wp\/v2\/types\/post"}],"author":[{"embeddable":true,"href":"https:\/\/xn--schtzenverein-weckhoven-epc.de\/index.php?rest_route=\/wp\/v2\/users\/2"}],"replies":[{"embeddable":true,"href":"https:\/\/xn--schtzenverein-weckhoven-epc.de\/index.php?rest_route=%2Fwp%2Fv2%2Fcomments&post=860"}],"version-history":[{"count":3,"href":"https:\/\/xn--schtzenverein-weckhoven-epc.de\/index.php?rest_route=\/wp\/v2\/posts\/860\/revisions"}],"predecessor-version":[{"id":1051,"href":"https:\/\/xn--schtzenverein-weckhoven-epc.de\/index.php?rest_route=\/wp\/v2\/posts\/860\/revisions\/1051"}],"wp:attachment":[{"href":"https:\/\/xn--schtzenverein-weckhoven-epc.de\/index.php?rest_route=%2Fwp%2Fv2%2Fmedia&parent=860"}],"wp:term":[{"taxonomy":"category","embeddable":true,"href":"https:\/\/xn--schtzenverein-weckhoven-epc.de\/index.php?rest_route=%2Fwp%2Fv2%2Fcategories&post=860"},{"taxonomy":"post_tag","embeddable":true,"href":"https:\/\/xn--schtzenverein-weckhoven-epc.de\/index.php?rest_route=%2Fwp%2Fv2%2Ftags&post=860"}],"curies":[{"name":"wp","href":"https:\/\/api.w.org\/{rel}","templated":true}]}}