{"id":798,"date":"2018-04-22T10:28:32","date_gmt":"2018-04-22T10:28:32","guid":{"rendered":"http:\/\/xn--schtzenverein-weckhoven-epc.de\/?p=798"},"modified":"2019-02-14T13:14:55","modified_gmt":"2019-02-14T13:14:55","slug":"2-generalversammlung-3","status":"publish","type":"post","link":"https:\/\/xn--schtzenverein-weckhoven-epc.de\/?p=798","title":{"rendered":"2. Generalversammlung"},"content":{"rendered":"<p>Am 22.04.2018 fand im Saal der Gastst\u00e4tte \u201eZur alten Post\u201c die 2. Generalversammlung und damit letzte Versammlung vor dem diesj\u00e4hrigen Sch\u00fctzenfest statt. In traditioneller Weise er\u00f6ffnete das Bundesfanfarenkorps St. Paulus die Veranstaltung mit einer Musikeinlage, bevor Pr\u00e4sident Dieter Moll die anwesenden Sch\u00fctzen und Ehrenmitglieder begr\u00fc\u00dfte.<\/p>\n<p>Es folgte die St\u00e4rkemeldung der einzelnen Korps, ein weiteres Mal geh\u00f6ren J\u00e4ger und Hubertussch\u00fctzen zu den st\u00e4rksten Korps im Regiment.<\/p>\n<p>Oberst Johannes Steinhauer berichtete \u00fcber den Ablauf der Sch\u00fctzenfesttage und ermahnte die Korpsf\u00fchrer am Sch\u00fctzenfestsonntag p\u00fcnktlich zur Meldung im Festzelt zu erscheinen.<br \/>\nUnter dem Punkt &#8222;Der Vorstand informiert&#8220; wurden einige wichtige Entwicklungen der letzten Wochen berichtet. Alle notwendigen \u00c4nderungen an unserem neuen Gewehr wurden nunmehr durchgef\u00fchrt, sodass am 27.04.2018 um 19:00 Uhr ein Probeschie\u00dfen im Partytur stattfinden kann. Hierzu sind der Vorstand nebst Majoren und jeweils zwei weiteren Vertretern der Korps eingeladen. Christian Runge wurde als neuer Major des Bundesfanfarencorps St. Paulus vorgestellt und erhielt von Pr\u00e4sident Dieter Moll die Majorsnadel. Durch den R\u00fccktritt unseres 1. Schriftf\u00fchrers Thomas Kiehl und den Tod des 2. Schriftf\u00fchrers Alfred F\u00f6rster sind zwei Vorstandsposten vakant. 2. Kassierer Manuel Knuppertz hat sich dazu bereit erkl\u00e4rt das Amt des 1. Schriftf\u00fchrers zu \u00fcbernehmen und wird sich daher zur Voll- und Abrechnungsversammlung 2018 zur Wahl stellen. Insofern sind alle Mitglieder dazu aufgerufen worden in Ihren eigenen Reihen geeignete Kandidaten f\u00fcr die Posten des 2. Schriftf\u00fchrers und 2. Kassierers ausfindig zu machen.<\/p>\n<p>Der Schulbesuch mit Heimatkundeunterricht findet am Dienstag, den 15.05.2018 um 10:00 Uhr in der Grundschule zur Kyburg statt. Es wurde darum gebeten, dass einige Sch\u00fctzen verschiedenster Korps diesen Termin wahrnehmen, um den Kindern die Vielseitigkeit unseres Vereins n\u00e4her zu bringen. Am 22.09.2018 findet der Ausflug des Jugendarbeitskreises statt. Godehard Fesser informierte dar\u00fcber, dass am Oberstehrenabend wichtige Informationen des Kletterparks ausliegen werden. Ferner bat er die Sch\u00fctzen darum, zum Schie\u00dfen der Sch\u00fcler im Festzelt an diesem Tag um 13:30 Uhr zahlreich zu erscheinen, um die Bedeutung der Jugend f\u00fcr unseren Verein zu bekr\u00e4ftigen.<\/p>\n<p>Pr\u00e4sident Dieter Moll informiert \u00fcber den Fototermin f\u00fcr alle Jubilare, Korpssieger sowie Sch\u00fctzen-, Jungsch\u00fctzen-, und Sch\u00fclerk\u00f6nig. Dieser findet am Sonntag, dem 06.05.2018, um 17:00 in der Gastst\u00e4tte \u201eZur alten Post\u201c statt.<\/p>\n<p>Hinsichtlich des Sch\u00fctzenfestes wurde dar\u00fcber informiert, dass die ehemaligen Sch\u00fctzenk\u00f6nige nicht mehr wie gewohnt am Montagabend, sondern am Sonntagmorgen auf die B\u00fchne eingeladen sind. Ferner wurde an den Umbau des Festzeltes am Montagmittag um 14:00 Uhr, sowie an die neue Kinderbelustigung am Montagmorgen erinnert. Helfende H\u00e4nde sind zu beiden Aktionen gerne gesehen.<\/p>\n<p>Kassierer Stefan Bilk erinnerte noch einmal die betroffenen Z\u00fcge an die Durchf\u00fchrung der Kassendienste. Die Einteilung gestaltet sich wie folgt:<\/p>\n<ul>\n<li>Oberstehrenabend: Reitercorps Weckhoven<\/li>\n<li>Samstag:<\/li>\n<li>\n<ul>\n<li>Kasse: Lagerfeld 2000<\/li>\n<li>Raucherbereich: Lagerfeld 2016<\/li>\n<\/ul>\n<\/li>\n<li>Montag:<\/li>\n<li>\n<ul>\n<li>Kasse: Hubertushirsch<\/li>\n<li>Raucherbereich: Jagdfalke<\/li>\n<\/ul>\n<\/li>\n<\/ul>\n<p>Ersatzz\u00fcge: Mer moche alles m\u00f6t, Gute Kameraden<\/p>\n<p>Die Ehrungen der Jubilare bis 50 Jahre wird am Sch\u00fctzenfestsamstag stattfinden. Die Zugjubilare, sowie 70-j\u00e4hrigen Einzeljubilare werden am Sonntagmorgen geehrt werden. Manuel Knuppertz informierte \u00fcber die endg\u00fcltige G\u00e4steliste, sowie \u00fcber die M\u00f6glichkeit Befreiungsantr\u00e4ge f\u00fcr Sch\u00fcler und Wehrdienstleistende zu stellen. Es wurde noch einmal die Einladung an altverdiente Sch\u00fctzen ausgesprochen, am Sch\u00fctzenfestmontag die Parade abzunehmen. Hierf\u00fcr werden wieder gen\u00fcgend Sitzm\u00f6glichkeiten zur Verf\u00fcgung stehen. Ebenso wurde die Einladung an die Korpsk\u00f6nige zur Abnahme der Parade wiederholt.<\/p>\n<p>Unter dem Punkt Verschiedenes erinnerte Vizepr\u00e4sident J\u00fcrgen Stellet an den einzusetzenden Arbeitskreis &#8222;Positive Ver\u00e4nderungen&#8220; und dr\u00e4ngte darauf kurzfristig einen Termin f\u00fcr ein erstes Treffen zu finden. Pressewart Dominik Merten stellte zusammen mit Jens Burandt die neue Facebook Seite und die entsprechenden \u00c4nderungen an unserer Homepage vor und bat alle Sch\u00fctzen darum die \u00d6ffentlichkeitsarbeit des Vereins tatkr\u00e4ftig zu unterst\u00fctzen. Zudem bat er darum, dass alle Korpsf\u00fchrer Redakteure f\u00fcr die Facebook-Seite benennen.<\/p>\n<p>Zum Schluss stellte Dieter Moll heraus, dass es nun nur noch 48-N\u00e4chte bis zum Beginn des Sch\u00fctzenfests sind. Er w\u00fcnschte allen Mitgliedern einen sch\u00f6nen sonnigen Sonntag und verabschiedete sich bis zum Oberstehrenabend.<\/p>\n","protected":false},"excerpt":{"rendered":"<p>Am 22.04.2018 fand im Saal der Gastst\u00e4tte \u201eZur alten Post\u201c die 2. Generalversammlung und damit letzte Versammlung vor dem diesj\u00e4hrigen Sch\u00fctzenfest statt. In traditioneller Weise er\u00f6ffnete das Bundesfanfarenkorps St. Paulus die Veranstaltung mit einer Musikeinlage, bevor Pr\u00e4sident Dieter Moll die anwesenden Sch\u00fctzen und Ehrenmitglieder begr\u00fc\u00dfte. Es folgte die St\u00e4rkemeldung der einzelnen Korps, ein weiteres Mal geh\u00f6ren J\u00e4ger und Hubertussch\u00fctzen zu den st\u00e4rksten Korps im Regiment. Oberst Johannes Steinhauer berichtete \u00fcber den Ablauf der Sch\u00fctzenfesttage und ermahnte die Korpsf\u00fchrer am Sch\u00fctzenfestsonntag&#8230;<\/p>\n<p class=\"read-more\"><a class=\"btn btn-default\" href=\"https:\/\/xn--schtzenverein-weckhoven-epc.de\/?p=798\">Weiterlesen<span class=\"screen-reader-text\"> Weiterlesen<\/span><\/a><\/p>\n","protected":false},"author":2,"featured_media":0,"comment_status":"closed","ping_status":"closed","sticky":false,"template":"","format":"standard","meta":{"footnotes":""},"categories":[25],"tags":[],"class_list":["post-798","post","type-post","status-publish","format-standard","hentry","category-archiv-2018"],"_links":{"self":[{"href":"https:\/\/xn--schtzenverein-weckhoven-epc.de\/index.php?rest_route=\/wp\/v2\/posts\/798","targetHints":{"allow":["GET"]}}],"collection":[{"href":"https:\/\/xn--schtzenverein-weckhoven-epc.de\/index.php?rest_route=\/wp\/v2\/posts"}],"about":[{"href":"https:\/\/xn--schtzenverein-weckhoven-epc.de\/index.php?rest_route=\/wp\/v2\/types\/post"}],"author":[{"embeddable":true,"href":"https:\/\/xn--schtzenverein-weckhoven-epc.de\/index.php?rest_route=\/wp\/v2\/users\/2"}],"replies":[{"embeddable":true,"href":"https:\/\/xn--schtzenverein-weckhoven-epc.de\/index.php?rest_route=%2Fwp%2Fv2%2Fcomments&post=798"}],"version-history":[{"count":5,"href":"https:\/\/xn--schtzenverein-weckhoven-epc.de\/index.php?rest_route=\/wp\/v2\/posts\/798\/revisions"}],"predecessor-version":[{"id":1053,"href":"https:\/\/xn--schtzenverein-weckhoven-epc.de\/index.php?rest_route=\/wp\/v2\/posts\/798\/revisions\/1053"}],"wp:attachment":[{"href":"https:\/\/xn--schtzenverein-weckhoven-epc.de\/index.php?rest_route=%2Fwp%2Fv2%2Fmedia&parent=798"}],"wp:term":[{"taxonomy":"category","embeddable":true,"href":"https:\/\/xn--schtzenverein-weckhoven-epc.de\/index.php?rest_route=%2Fwp%2Fv2%2Fcategories&post=798"},{"taxonomy":"post_tag","embeddable":true,"href":"https:\/\/xn--schtzenverein-weckhoven-epc.de\/index.php?rest_route=%2Fwp%2Fv2%2Ftags&post=798"}],"curies":[{"name":"wp","href":"https:\/\/api.w.org\/{rel}","templated":true}]}}