{"id":763,"date":"2018-04-14T15:09:41","date_gmt":"2018-04-14T15:09:41","guid":{"rendered":"http:\/\/xn--schtzenverein-weckhoven-epc.de\/?p=763"},"modified":"2019-02-14T13:26:09","modified_gmt":"2019-02-14T13:26:09","slug":"25-jahre-3","status":"publish","type":"post","link":"https:\/\/xn--schtzenverein-weckhoven-epc.de\/?p=763","title":{"rendered":"25 Jahre"},"content":{"rendered":"<p>Ihr 25 j\u00e4hriges Jubil\u00e4um feiern dieses Jahr<\/p>\n<ul>\n<li>Daniel Kilb, Grenadierzug Jung Bl\u00fch auf<\/li>\n<li>Peter Wolf, Grenadierzug Jung Bl\u00fch auf<\/li>\n<li>Michael Ring, Grenadierzug Jung Bl\u00fch auf<\/li>\n<li>Reinhard Sternberg, Grenadierzug Lagerfeld 2000<\/li>\n<li>Sebastian Ippers, J\u00e4gerzug Volles Horn<\/li>\n<li>Stefan Tillmann, Hubertuszug St. Paulus<\/li>\n<li>Pascal Hahn, Fanfarencorps<\/li>\n<li>Carmen H\u00fcren, Fanfarencorps<\/li>\n<li>Christian Runge, Fanfarencorps<\/li>\n<\/ul>\n<p>&nbsp;<\/p>\n<figure id=\"attachment_823\" aria-describedby=\"caption-attachment-823\" style=\"width: 640px\" class=\"wp-caption alignleft\"><a href=\"http:\/\/xn--schtzenverein-weckhoven-epc.de\/wp-content\/uploads\/2018\/04\/Jubilare-25-Jahre.jpg\"><img loading=\"lazy\" decoding=\"async\" class=\"size-large wp-image-823\" src=\"http:\/\/xn--schtzenverein-weckhoven-epc.de\/wp-content\/uploads\/2018\/04\/Jubilare-25-Jahre-1024x768.jpg\" alt=\"Jubilare 25 Jahre\" width=\"640\" height=\"480\" srcset=\"https:\/\/xn--schtzenverein-weckhoven-epc.de\/wp-content\/uploads\/2018\/04\/Jubilare-25-Jahre-1024x768.jpg 1024w, https:\/\/xn--schtzenverein-weckhoven-epc.de\/wp-content\/uploads\/2018\/04\/Jubilare-25-Jahre-300x225.jpg 300w, https:\/\/xn--schtzenverein-weckhoven-epc.de\/wp-content\/uploads\/2018\/04\/Jubilare-25-Jahre-768x576.jpg 768w, https:\/\/xn--schtzenverein-weckhoven-epc.de\/wp-content\/uploads\/2018\/04\/Jubilare-25-Jahre-360x270.jpg 360w\" sizes=\"auto, (max-width: 640px) 100vw, 640px\" \/><\/a><figcaption id=\"caption-attachment-823\" class=\"wp-caption-text\">von links nach rechts: Christian Runge, Rheinhard Sternberg, Carmen H\u00fcren, Peter Wolf, Sebastian Ippers, Stefan Tillmann<\/figcaption><\/figure>\n","protected":false},"excerpt":{"rendered":"<p>Ihr 25 j\u00e4hriges Jubil\u00e4um feiern dieses Jahr Daniel Kilb, Grenadierzug Jung Bl\u00fch auf Peter Wolf, Grenadierzug Jung Bl\u00fch auf Michael Ring, Grenadierzug Jung Bl\u00fch auf Reinhard Sternberg, Grenadierzug Lagerfeld 2000 Sebastian Ippers, J\u00e4gerzug Volles Horn Stefan Tillmann, Hubertuszug St. Paulus Pascal Hahn, Fanfarencorps Carmen H\u00fcren, Fanfarencorps Christian Runge, Fanfarencorps &nbsp;<\/p>\n","protected":false},"author":2,"featured_media":0,"comment_status":"closed","ping_status":"closed","sticky":false,"template":"","format":"standard","meta":{"footnotes":""},"categories":[25],"tags":[],"class_list":["post-763","post","type-post","status-publish","format-standard","hentry","category-archiv-2018"],"_links":{"self":[{"href":"https:\/\/xn--schtzenverein-weckhoven-epc.de\/index.php?rest_route=\/wp\/v2\/posts\/763","targetHints":{"allow":["GET"]}}],"collection":[{"href":"https:\/\/xn--schtzenverein-weckhoven-epc.de\/index.php?rest_route=\/wp\/v2\/posts"}],"about":[{"href":"https:\/\/xn--schtzenverein-weckhoven-epc.de\/index.php?rest_route=\/wp\/v2\/types\/post"}],"author":[{"embeddable":true,"href":"https:\/\/xn--schtzenverein-weckhoven-epc.de\/index.php?rest_route=\/wp\/v2\/users\/2"}],"replies":[{"embeddable":true,"href":"https:\/\/xn--schtzenverein-weckhoven-epc.de\/index.php?rest_route=%2Fwp%2Fv2%2Fcomments&post=763"}],"version-history":[{"count":4,"href":"https:\/\/xn--schtzenverein-weckhoven-epc.de\/index.php?rest_route=\/wp\/v2\/posts\/763\/revisions"}],"predecessor-version":[{"id":1063,"href":"https:\/\/xn--schtzenverein-weckhoven-epc.de\/index.php?rest_route=\/wp\/v2\/posts\/763\/revisions\/1063"}],"wp:attachment":[{"href":"https:\/\/xn--schtzenverein-weckhoven-epc.de\/index.php?rest_route=%2Fwp%2Fv2%2Fmedia&parent=763"}],"wp:term":[{"taxonomy":"category","embeddable":true,"href":"https:\/\/xn--schtzenverein-weckhoven-epc.de\/index.php?rest_route=%2Fwp%2Fv2%2Fcategories&post=763"},{"taxonomy":"post_tag","embeddable":true,"href":"https:\/\/xn--schtzenverein-weckhoven-epc.de\/index.php?rest_route=%2Fwp%2Fv2%2Ftags&post=763"}],"curies":[{"name":"wp","href":"https:\/\/api.w.org\/{rel}","templated":true}]}}