{"id":651,"date":"2017-10-15T13:27:24","date_gmt":"2017-10-15T11:27:24","guid":{"rendered":"http:\/\/xn--schtzenverein-weckhoven-epc.de\/?p=651"},"modified":"2024-03-22T10:42:02","modified_gmt":"2024-03-22T08:42:02","slug":"5-jahre-jungschuetzenzuege","status":"publish","type":"post","link":"https:\/\/xn--schtzenverein-weckhoven-epc.de\/?p=651","title":{"rendered":"5 Jahre Jungsch\u00fctzenz\u00fcge"},"content":{"rendered":"<p>&nbsp;<\/p>\n<div id='gallery-1' class='gallery galleryid-651 gallery-columns-2 gallery-size-thumbnail'><figure class='gallery-item'>\n\t\t\t<div class='gallery-icon portrait'>\n\t\t\t\t<a href='https:\/\/xn--schtzenverein-weckhoven-epc.de\/?attachment_id=656'><img loading=\"lazy\" decoding=\"async\" width=\"150\" height=\"150\" src=\"https:\/\/xn--schtzenverein-weckhoven-epc.de\/wp-content\/uploads\/2017\/10\/Gilde-Weckh.-immer-dabei-150x150.png\" class=\"attachment-thumbnail size-thumbnail\" alt=\"Logo Immer Dabei\" aria-describedby=\"gallery-1-656\" \/><\/a>\n\t\t\t<\/div>\n\t\t\t\t<figcaption class='wp-caption-text gallery-caption' id='gallery-1-656'>\n\t\t\t\tLogo Immer Dabei\n\t\t\t\t<\/figcaption><\/figure><figure class='gallery-item'>\n\t\t\t<div class='gallery-icon portrait'>\n\t\t\t\t<a href='https:\/\/xn--schtzenverein-weckhoven-epc.de\/?attachment_id=653'><img loading=\"lazy\" decoding=\"async\" width=\"150\" height=\"150\" src=\"https:\/\/xn--schtzenverein-weckhoven-epc.de\/wp-content\/uploads\/2017\/10\/LogoDatPasst-150x150.jpg\" class=\"attachment-thumbnail size-thumbnail\" alt=\"Gruppenfoto Dat Passt\" aria-describedby=\"gallery-1-653\" \/><\/a>\n\t\t\t<\/div>\n\t\t\t\t<figcaption class='wp-caption-text gallery-caption' id='gallery-1-653'>\n\t\t\t\tGruppenfoto Dat Passt\n\t\t\t\t<\/figcaption><\/figure>\n\t\t<\/div>\n\n<p>Dieses Jahr feiern die beiden Jungsch\u00fctzenz\u00fcge &#8222;Dat Passt&#8220; aus dem Kreise der J\u00e4ger und &#8222;Immer Dabei&#8220; aus der Sch\u00fctzengilde ihren f\u00fcnften Geburtstag. Wieso sie einen Zug in Weckhoven gegr\u00fcndet haben, welche Schwierigkeiten es gab und welche Argumente weitere Jungsch\u00fctzen \u00fcberzeugen k\u00f6nnten, einen Zug in Weckhoven zu gr\u00fcnden haben Clemens Teusch (Zugf\u00fchrer &#8222;Dat Passt&#8220;) und Jens Burandt (Zugf\u00fchrer &#8222;Immer Dabei&#8220;) versucht zu beantworten.<\/p>\n<p><em>Ihr seid jetzt f\u00fcnf Jahre Mitglied im Sch\u00fctzenverein Weckhoven. Welche Ambitionen und Ziele gab es im Jahr 2012 f\u00fcr eure Gr\u00fcndung und inwiefern habt ihr diese Ziele bislang erreichen k\u00f6nnen?<\/em><\/p>\n<p>ID: Ziel war es nach dem Abitur einen Rahmen zu finden, in dem der bestehende Freundeskreis zusammengehalten werden konnte. Dominik Merten und ich kennen das Sch\u00fctzenfest von unseren Eltern schon sehr gut, die anderen mussten jedoch zuerst \u00fcberzeugt werden. Einen Sch\u00fctzenzug zu gr\u00fcnden, schien die perfekte M\u00f6glichkeit, sich zu festen Terminen regelm\u00e4\u00dfig zu treffen und die Freunde aus der Schulzeit wieder zu sehen. Das Berufsleben verschl\u00e4gt einen oft in verschiedene Richtungen. Die Veranstaltungen des Regiments, sowie die eigenen Zugveranstaltungen sind jedoch stets fixe Termine, an denen sich alle wieder treffen. So bleibt die Freundschaft auch bei \u00f6rtlicher Entfernung erhalten und es gibt jedes Jahr ein langes Wochenende, an dem gefeiert wird \u2013 Das Sch\u00fctzenfest.<\/p>\n<p>DP: Auch wir waren eine Clique, welche im Kern zusammen zur Grundschule gegangen ist. Nach dem Wechsel auf die weiterf\u00fchrende Schuld haben wir uns aus verschiedenen Gr\u00fcnden aus den Augen verloren und nach mehreren Jahren wiedergetroffen. Die Idee des Sch\u00fctzenzuges war es, den alten Freundeskreis wiederzubeleben. Anfangs waren wir 8 Leute und nach verschiedenen Zu- und Abg\u00e4ngen sind wir jetzt 12 Mitglieder, welche aus der alten Grundschulgruppe und dem erweitertem Freundeskreis besteht.<\/p>\n<p><em>Was bedeutet euer Zugname und wie kam die Idee dazu?<\/em><\/p>\n<p>DP: Wie schon gesagt, kannten wir Gr\u00fcndungsmitglieder uns schon seit der Grundschule. Diese Gruppe hat einfach super zusammengepasst und daher waren wir uns schnell einig &#8211; das mit dem Sch\u00fctzenzug, &#8222;dat passt&#8220;! Und so stand unser Name fest.<\/p>\n<p>ID: Unser Zugname ist doppeldeutig zu verstehen. Zum Einen soll er bedeuten, dass wir immer mit dabei sind, wenn es etwas zu feiern gibt. Zum Anderen, dass wir bei diesen Aktivit\u00e4ten immer gut (mit leckeren Getr\u00e4nken) dabei sind. Dies spiegelt sich auch in unserem Logo wieder.<\/p>\n<p><em>Was gef\u00e4llt euch besonders gut am Sch\u00fctzenleben und was gef\u00e4llt euch vielleicht nicht so gut?<\/em><\/p>\n<p>ID: Das Sch\u00fctzenfest an sich gef\u00e4llt uns am besten. Es ist \u00e4hnlich wie ein Festival, oder ein Kurz\u201curlaub\u201c. Man trifft sich mit seinen Freunden und feiert ein langes Wochenende jeden Tag. Man unternimmt alles gemeinsam und denkt an keine anderen Dinge mehr, au\u00dfer an das Feiern. Man schaltet also komplett vom Alltags- und Berufsstress ab.<\/p>\n<p>Das Sch\u00fctzenleben kann jedoch auch sehr eingefahren und altbackend sein. Tradition ist zwar wichtig und sollte bewahrt werden, jedoch sollte man sich nicht um den Traditionswillen vor s\u00e4mtlichen Neuerungen verschlie\u00dfen. Ver\u00e4nderungen auf den Weg zu bringen ist daher manchmal nicht so einfach. Ein langer Atem lohnt sich jedoch mit Sicherheit.<\/p>\n<p>DP: Uns gefallen die Zusammenk\u00fcnfte mit den anderen Leuten am besten. Oft ist es die einzige M\u00f6glichkeit einige Mitglieder, welche nicht mehr in Neuss wohnen, innerhalb des Jahres zu sehen. Die verschiedenen Veranstaltungen, die das Sch\u00fctzenleben bietet, sind daher stets gute M\u00f6glichkeiten sich wieder zu treffen. Als einzig negativen Punkt k\u00f6nnte man das fr\u00fche Aufstehen am Sch\u00fctzenfest-Sonntag nennen. Der Samstag im Zelt ist oft mit der beste Abend, da auch viele Leute au\u00dferhalb des Sch\u00fctzenvereins zum Feiern kommen. Dadurch ist der morgendliche Wecker am n\u00e4chsten Tag nur sehr schwer zu ertragen.<\/p>\n<p><em>Was ist besonders an dem Sch\u00fctzenfest in einem kleinen Ort wie Weckhoven? Welche Unterschiede seht ihr zum gro\u00dfen Fest in der Stadt? Habt ihr auch erw\u00e4gt einen Zug in Neuss zu gr\u00fcnden? Welche Argumente haben f\u00fcr eine Gr\u00fcndung in Weckhoven gesprochen?<\/em><\/p>\n<p>DP: Wir sch\u00e4tzen am Sch\u00fctzenfest in Weckhoven besonders die famili\u00e4re Atmosph\u00e4re. Man kennt jeden und kann sich dementsprechend auch mit Jedermann &#8211; beispielsweise an der Theke &#8211; unterhalten.<\/p>\n<p>ID: Auch wir sch\u00e4tzen den famili\u00e4ren Rahmen des Weckhovener Sch\u00fctzenfestes. Zum Zeitpunkt unserer Gr\u00fcndung wurde ebenfalls diskutiert einen Zug in Neuss zu gr\u00fcnden. Jedoch fanden wir es dort zu gro\u00df und zu anonym.<\/p>\n<p>DP: Ich bin auch beim Neusser Sch\u00fctzenfest aktiv. Die Parade muss man einfach mal mitgemacht haben. Insgesamt ist die gesamte Gr\u00f6\u00dfe des Festes sehr imposant, beispielsweise der J\u00e4gerball. Das Ganze hat schon eher einen Eventcharakter, ist jedoch mit dem Sch\u00fctzenfest in Weckhoven nicht zu vergleichen. Es stimmt, dass der famili\u00e4re Rahmen fehlt. Ob wir uns in einem anderen Ort au\u00dfer Weckhoven gr\u00fcnden, stand nie zur Debatte. Wir Gr\u00fcndungsmitglieder kamen alle aus Weckhoven und daher hat sich die Frage nicht gestellt. Wenn ein Sch\u00fctzenzug, dann auch in Weckhoven.<\/p>\n<p>ID: Drei unserer damals acht Gr\u00fcndungsmitglieder kamen aus Weckhoven. Der Rest kam aus dem gesamten Neusser Stadtgebiet. Da ich schon \u00fcber meinen Vater Kontakte zum Weckhovener Sch\u00fctzenverein hatte, lag es daher nahe den Zug in Weckhoven zu gr\u00fcnden. Die Entscheidung sich dem Weckhovener Sch\u00fctzenverein anzuschlie\u00dfen haben wir noch nie bereut.<\/p>\n<p><em>Wenn ihr auf die vergangenen f\u00fcnf Jahre zur\u00fcckschaut, welches Sch\u00fctzenfest hat euch bislang am besten gefallen und warum?<\/em><\/p>\n<p>DP: Vom Ablauf her hat uns das Jubil\u00e4umssch\u00fctzenfest am besten gefallen. Die vielen G\u00e4ste, die zu unserem Jubil\u00e4um nach Weckhoven kamen und das gesamte Festprogramm hat viel Spa\u00df gemacht. Vielleicht war es auch das beste Sch\u00fctzenfest, weil es unser erstes war.<\/p>\n<p>ID: Alle Feste waren insgesamt gut\u00a0 und haben uns gefallen. Leider war das vergangene Fest nicht ganz so toll. Das schlechte Wetter hat die Stimmung getr\u00fcbt, wir hoffen dieses Jahr jedoch auf Besserung.<\/p>\n<p><em>Beide Z\u00fcge waren schon bei den Schie\u00dfwettbewerben erfolgreich. Jeweils zwei Mitglieder eurer Z\u00fcge waren schon Jungsch\u00fctzenk\u00f6nig und viele waren schon Ritter. Was ist das Geheimnis eures Erfolgs?<\/em><\/p>\n<p>ID: Es liegt vermutlich daran, dass unsere beiden Z\u00fcge den Gro\u00dfteil der \u201eschie\u00dff\u00e4higen\u201c Jungsch\u00fctzen bieten. Viele andere Jungsch\u00fctzen nehmen jedoch aus uns nicht verst\u00e4ndlichen Gr\u00fcnden nicht\u00a0 an den Schie\u00dfwettbewerben teil. Dadurch ist die Chance nat\u00fcrlich h\u00f6her. Mit Sicherheit war bislang auch stets die n\u00f6tige Menge Gl\u00fcck im Spiel.<\/p>\n<p>DP: Unser Geheimtipp ist Zielwasser. Aber nat\u00fcrlich haben wir durch unsere vielen Mitglieder, welche auf den Jungsch\u00fctzenk\u00f6nig schie\u00dfen d\u00fcrfen, eine erh\u00f6hte Chance.<\/p>\n<p><em>Welche Aktivit\u00e4ten finden in eurem Zug beziehungsweise Korps au\u00dferhalb des Sch\u00fctzenfestes statt und was gef\u00e4llt euch besonders gut daran?<\/em><\/p>\n<p>ID: Innerhalb des Zuges haben wir alle zwei Monate eine Versammlung, bei der wir die aktuellen Themen besprechen und gemeinsam Essen. Im Anschluss daran ziehen wir oft weiter und lassen den Abend auf verschiedenste Weise ausklingen. Weiter versuchen wir auch mit unseren Lebensgef\u00e4hrtinnen und Frauen regelm\u00e4\u00dfig gemeinsame Unternehmungen zu veranstalten. Im letzten Jahr waren wir Kanu- und Kartfahren, sowie Laser-Tag spielen. Innerhalb des Korps finden vor Allem im Fr\u00fchjahr viele Kr\u00f6nungen der anderen Z\u00fcge statt. Diese sind f\u00fcr sich genommen immer sehr sch\u00f6n, jedoch wird es insgesamt auch sehr viel. Dadurch, dass wir alle berufst\u00e4tig und auf verschiedenste Weisen noch anderweitig eingespannt sind, ist es leider sehr schwer vollz\u00e4hlig auf diesen Veranstaltungen zu erscheinen. Anl\u00e4sslich unseres 5-j\u00e4hrigen Bestehens ist es geplant Ende September zum M\u00fcnchener Oktoberfest zu fahren.<\/p>\n<p>DP: Wir veranstalten jeden Monat eine Versammlung. Da aber auch aus unserem Zug viele Mitglieder nicht mehr in Weckhoven wohnen, schaffen auch wir es nicht immer alle zusammen zu kriegen. Besonders sch\u00f6n ist es dann, wenn wir zu uns zu verschiedenen Ausfl\u00fcgen, welche wir \u00fcber das Jahr organisieren, alle wieder sehen. Zu unserer Zug-Tour f\u00fcr ein langes Wochenende nach Mallorca konnten wir einen Termin finden, an dem fast alle Mitglieder mitfahren k\u00f6nnen.<br \/>\nIn unserem Korps findet die j\u00e4hrliche Karnevalsfeier statt. Diese ist immer gut besucht und macht viel Spa\u00df.<\/p>\n<p><em>Welche Besonderheiten bietet euer Korps und aus welchem Grund habt ihr euch dem J\u00e4gerkorps, beziehungsweise der Sch\u00fctzengilde angeschlossen?<\/em><\/p>\n<p>DP: Als wir uns 2012 dazu entschlossen hatten einen Sch\u00fctzenzug zu gr\u00fcnden, hatte niemand von uns wirklich Ahnung vom Sch\u00fctzenleben und dem Verein. Mein Vater kannte jedoch den damaligen J\u00e4germajor und so stand der Kontakt zum J\u00e4gerkorps und wir haben uns dort gegr\u00fcndet.<\/p>\n<p>ID: Die Sch\u00fctzengilde ist sehr traditionsbewusst. Mein Vater ist dort schon lange Mitglied und \u00fcber diesen Kontakt haben wir uns entschieden einen Zug in der Sch\u00fctzengilde zu gr\u00fcnden. Dort wurden wir sehr schnell auf- und ebenso schnell in die Verantwortung genommen. Der neue Input wurde bereitwillig genutzt und wir haben viel Freude daran, frischen Wind und neue Ideen in das Korps einzubringen.<\/p>\n<p><em>Viele Mitglieder des Vereins wachsen schon von Klein an mit dem Sch\u00fctzenwesen auf, was k\u00f6nnte getan werden um junge M\u00e4nner zu ermutigen einen Zug zu gr\u00fcnden oder sich einem bestehenden Zug in Weckhoven anzuschlie\u00dfen?<\/em><\/p>\n<p>ID: Man braucht in jedem Fall irgendeine Form der Verbindung zum Sch\u00fctzenwesen. Entweder sind die Eltern aktiv, oder die Freunde, oder die Eltern eines Freundes. Es ist eher schwierig ohne irgendeine Form der Kontaktweise auf den Sch\u00fctzenverein aufmerksam zu werden. Es bietet jedoch eine perfekte M\u00f6glichkeit seinen aktuellen Freundeskreis, welcher sich im Laufe des Lebens nat\u00fcrlicher Weise ver\u00e4ndert, einen Rahmen zu geben und diese Leute auf Jahre hinweg regelm\u00e4\u00dfig zu treffen. Wenn ihr also kurz vor eurem Abschluss steht und ein Gro\u00dfteil eures Freundeskreises in Weckhoven wohnt, \u00fcberzeugt die Anderen einen Zug zu gr\u00fcnden und feiert jedes Jahr gemeinsam Sch\u00fctzenfest. Es lohnt sich!<\/p>\n<p>DP: Wir sehen es genauso, dass der Sch\u00fctzenverein eine super M\u00f6glichkeit bietet sich trotz \u00f6rtlicher Trennung regelm\u00e4\u00dfig unter dem Jahr zu treffen. Wenn man dann gemeinsam Sch\u00fctzenfest feiert, ist es ein Wochenende lang \u201ewie fr\u00fcher\u201c. An den Beispielen unserer beiden Z\u00fcge, sieht man, dass das Konzept sehr gut funktioniert. Wir sehen aber auch das Problem, dass der Start im Sch\u00fctzenverein ohne jegliche Vorkenntnisse durchaus holprig sein kann. Wie ich schon erw\u00e4hnte, hatte 2012 noch niemand von uns Ahnung vom Sch\u00fctzenfest. Da stellen sich schon bei der Kleiderordnung die ersten Fragen.<\/p>\n<p>Die Betreuung der j\u00fcngeren Mitglieder (Edelknaben und Jungsch\u00fctzen bis 12 Jahre) funktioniert unserer Ansicht nach einwandfrei. Ab 12-16 Jahren sehen wir jedoch einen Einriss. Die Jungsch\u00fctzen k\u00f6nnen sich dann zwar einem bestehenden Zug anschlie\u00dfen, jedoch wird dies nie dasselbe sein wie einen eigenen Zug mit Gleichaltrigen zu haben. Eine Jungsch\u00fctzengruppe, welche f\u00fcr diese \u201e\u00dcbergangszeit\u201c einen Rahmen geben w\u00fcrde, w\u00e4re daher eine gute Idee. Man k\u00f6nnte auch den Kontakt zu anderen Gruppen aus dem Ort wie Sportvereinen, Messdienern oder Pfadfindern herstellen, um Nachwuchs zu gewinnen.<\/p>\n<div id='gallery-2' class='gallery galleryid-651 gallery-columns-2 gallery-size-large'><figure class='gallery-item'>\n\t\t\t<div class='gallery-icon landscape'>\n\t\t\t\t<a href='https:\/\/xn--schtzenverein-weckhoven-epc.de\/?attachment_id=652'><img loading=\"lazy\" decoding=\"async\" width=\"640\" height=\"480\" src=\"https:\/\/xn--schtzenverein-weckhoven-epc.de\/wp-content\/uploads\/2017\/10\/DatPasstGruppenfoto.jpg\" class=\"attachment-large size-large\" alt=\"Gruppenfoto Dat Passt\" aria-describedby=\"gallery-2-652\" srcset=\"https:\/\/xn--schtzenverein-weckhoven-epc.de\/wp-content\/uploads\/2017\/10\/DatPasstGruppenfoto.jpg 720w, https:\/\/xn--schtzenverein-weckhoven-epc.de\/wp-content\/uploads\/2017\/10\/DatPasstGruppenfoto-300x225.jpg 300w, https:\/\/xn--schtzenverein-weckhoven-epc.de\/wp-content\/uploads\/2017\/10\/DatPasstGruppenfoto-400x300.jpg 400w\" sizes=\"auto, (max-width: 640px) 100vw, 640px\" \/><\/a>\n\t\t\t<\/div>\n\t\t\t\t<figcaption class='wp-caption-text gallery-caption' id='gallery-2-652'>\n\t\t\t\tGruppenfoto Dat Passt\n\t\t\t\t<\/figcaption><\/figure><figure class='gallery-item'>\n\t\t\t<div class='gallery-icon landscape'>\n\t\t\t\t<a href='https:\/\/xn--schtzenverein-weckhoven-epc.de\/?attachment_id=654'><img loading=\"lazy\" decoding=\"async\" width=\"640\" height=\"480\" src=\"https:\/\/xn--schtzenverein-weckhoven-epc.de\/wp-content\/uploads\/2017\/10\/Gruppenfoto-Immer-Dabei-1024x768.jpg\" class=\"attachment-large size-large\" alt=\"Gruppenfoto Immer Dabei\" aria-describedby=\"gallery-2-654\" srcset=\"https:\/\/xn--schtzenverein-weckhoven-epc.de\/wp-content\/uploads\/2017\/10\/Gruppenfoto-Immer-Dabei-1024x768.jpg 1024w, https:\/\/xn--schtzenverein-weckhoven-epc.de\/wp-content\/uploads\/2017\/10\/Gruppenfoto-Immer-Dabei-300x225.jpg 300w, https:\/\/xn--schtzenverein-weckhoven-epc.de\/wp-content\/uploads\/2017\/10\/Gruppenfoto-Immer-Dabei-768x576.jpg 768w, https:\/\/xn--schtzenverein-weckhoven-epc.de\/wp-content\/uploads\/2017\/10\/Gruppenfoto-Immer-Dabei-400x300.jpg 400w\" sizes=\"auto, (max-width: 640px) 100vw, 640px\" \/><\/a>\n\t\t\t<\/div>\n\t\t\t\t<figcaption class='wp-caption-text gallery-caption' id='gallery-2-654'>\n\t\t\t\tGruppenfoto Immer Dabei\n\t\t\t\t<\/figcaption><\/figure>\n\t\t<\/div>\n\n","protected":false},"excerpt":{"rendered":"<p>&nbsp; Dieses Jahr feiern die beiden Jungsch\u00fctzenz\u00fcge &#8222;Dat Passt&#8220; aus dem Kreise der J\u00e4ger und &#8222;Immer Dabei&#8220; aus der Sch\u00fctzengilde ihren f\u00fcnften Geburtstag. Wieso sie einen Zug in Weckhoven gegr\u00fcndet haben, welche Schwierigkeiten es gab und welche Argumente weitere Jungsch\u00fctzen \u00fcberzeugen k\u00f6nnten, einen Zug in Weckhoven zu gr\u00fcnden haben Clemens Teusch (Zugf\u00fchrer &#8222;Dat Passt&#8220;) und Jens Burandt (Zugf\u00fchrer &#8222;Immer Dabei&#8220;) versucht zu beantworten. Ihr seid jetzt f\u00fcnf Jahre Mitglied im Sch\u00fctzenverein Weckhoven. Welche Ambitionen und Ziele gab es im Jahr&#8230;<\/p>\n<p class=\"read-more\"><a class=\"btn btn-default\" href=\"https:\/\/xn--schtzenverein-weckhoven-epc.de\/?p=651\">Weiterlesen<span class=\"screen-reader-text\"> Weiterlesen<\/span><\/a><\/p>\n","protected":false},"author":2,"featured_media":0,"comment_status":"open","ping_status":"open","sticky":false,"template":"","format":"standard","meta":{"footnotes":""},"categories":[20],"tags":[],"class_list":["post-651","post","type-post","status-publish","format-standard","hentry","category-archiv-2017"],"_links":{"self":[{"href":"https:\/\/xn--schtzenverein-weckhoven-epc.de\/index.php?rest_route=\/wp\/v2\/posts\/651","targetHints":{"allow":["GET"]}}],"collection":[{"href":"https:\/\/xn--schtzenverein-weckhoven-epc.de\/index.php?rest_route=\/wp\/v2\/posts"}],"about":[{"href":"https:\/\/xn--schtzenverein-weckhoven-epc.de\/index.php?rest_route=\/wp\/v2\/types\/post"}],"author":[{"embeddable":true,"href":"https:\/\/xn--schtzenverein-weckhoven-epc.de\/index.php?rest_route=\/wp\/v2\/users\/2"}],"replies":[{"embeddable":true,"href":"https:\/\/xn--schtzenverein-weckhoven-epc.de\/index.php?rest_route=%2Fwp%2Fv2%2Fcomments&post=651"}],"version-history":[{"count":1,"href":"https:\/\/xn--schtzenverein-weckhoven-epc.de\/index.php?rest_route=\/wp\/v2\/posts\/651\/revisions"}],"predecessor-version":[{"id":657,"href":"https:\/\/xn--schtzenverein-weckhoven-epc.de\/index.php?rest_route=\/wp\/v2\/posts\/651\/revisions\/657"}],"wp:attachment":[{"href":"https:\/\/xn--schtzenverein-weckhoven-epc.de\/index.php?rest_route=%2Fwp%2Fv2%2Fmedia&parent=651"}],"wp:term":[{"taxonomy":"category","embeddable":true,"href":"https:\/\/xn--schtzenverein-weckhoven-epc.de\/index.php?rest_route=%2Fwp%2Fv2%2Fcategories&post=651"},{"taxonomy":"post_tag","embeddable":true,"href":"https:\/\/xn--schtzenverein-weckhoven-epc.de\/index.php?rest_route=%2Fwp%2Fv2%2Ftags&post=651"}],"curies":[{"name":"wp","href":"https:\/\/api.w.org\/{rel}","templated":true}]}}