{"id":647,"date":"2017-10-15T13:20:55","date_gmt":"2017-10-15T11:20:55","guid":{"rendered":"http:\/\/xn--schtzenverein-weckhoven-epc.de\/?p=647"},"modified":"2024-03-22T10:42:08","modified_gmt":"2024-03-22T08:42:08","slug":"frauen-im-schuetzenverein","status":"publish","type":"post","link":"https:\/\/xn--schtzenverein-weckhoven-epc.de\/?p=647","title":{"rendered":"Frauen im Sch\u00fctzenverein"},"content":{"rendered":"<p>Wer sich die Parade oder die Umz\u00fcge an Sch\u00fctzenfest ansieht, wird es feststellen. Frauen als aktive Mitglieder im Sch\u00fctzenverein sind eher eine Seltenheit. Dabei sind in Weckhoven im Reitercorps, sowie in den Musikvereinen &#8211; namentlich das Bundesfanfarencorps St. Paulus und das Tambourcorps Weckhoven &#8211; Frauen zugelassen. Zu diesem Thema ergeben sich viele spannende Fragen, welche Kristina Zeiger aus dem Reitercorps und Tamara Kalinowski aus dem Fanfarencorps bei einem Interview beantwortet haben.<\/p>\n<p>&nbsp;<\/p>\n<table>\n<tbody>\n<tr>\n<td width=\"302\">Kristina Zeiger ist Beamtin und seit 12 Jahren Mitglied im Reitercorps.<\/p>\n<p>&nbsp;<\/td>\n<td width=\"302\">Tamara Kalinowski ist Abiturientin und seit 11 Jahren Mitglied im Bundesfanfarencorps St. Paulus.<\/td>\n<\/tr>\n<tr>\n<td width=\"302\"><em>\u00a0<\/em><\/p>\n<p><em>Wie kam es dazu, dass du dich dem Reitercorps angeschlossen hast?<\/em><\/p>\n<p><em>\u00a0<\/em><\/td>\n<td width=\"302\"><em>\u00a0<\/em><\/p>\n<p><em>Wie kam es dazu, dass du dich dem Fanfarencorps angeschlossen hast?<\/em><\/td>\n<\/tr>\n<tr>\n<td width=\"302\">&#8222;Im Jahr 2005 bin ich noch auf dem Gut Neuh\u00f6fgen geritten. Dort traf sich das Reitercorps zum Antreten. Wir als Stallm\u00e4dels wuselten immer zwischen den Pferden und halfen beim Fertigmachen. In diesem Jahr fiel wohl krankheitsbedingt ein Reiter aus, sodass auf die Schnelle ein Ersatz gefunden werden musste. Dieser Ersatz war ich dann und es gefiel mir so gut im Reitercorps, dass ich dabei geblieben bin.&#8220;<\/td>\n<td width=\"302\">&#8222;Mein Vater ist seit 2002 Mitglied im Fanfarencorps. Mit Ende 5 hat er mich zur Probe mitgenommen und ich habe mir ein Instrument ausgesucht. Mit sechs Jahren bin ich dann das erste Mal mit der Fanfare \u00fcber den Lindenplatz marschiert.&#8220;<\/td>\n<\/tr>\n<tr>\n<td width=\"302\"><em>\u00a0<\/em><\/p>\n<p><em>Du reitest auch privat. Gibt es bestimmte Regeln, die erf\u00fcllt werden m\u00fcssen, dass du auf dem Sch\u00fctzenfest mit reiten darfst?<\/em><\/p>\n<p><em>\u00a0<\/em><\/td>\n<td width=\"302\"><em>\u00a0<\/em><\/p>\n<p><em>\u00a0<\/em><\/p>\n<p><em>Welche Instrumente spielst du?<\/em><\/p>\n<p>&nbsp;<\/td>\n<\/tr>\n<tr>\n<td width=\"302\">&#8222;Wichtig ist nat\u00fcrlich, dass man die Kontrolle \u00fcber das Pferd halten kann. Da es sich um Lebewesen handelt, k\u00f6nnen immer Situationen auftreten, die nicht vorhersehbar sind, zum Beispiel, dass das Pferd erschrickt. Hier muss der Reiter wissen, wie zu reagieren ist. Eine weitere Regel ist, dass die 0-Promille beim Reiten eingehalten werden, um die volle Kontrolle \u00fcber das Pferd gew\u00e4hrleisten zu k\u00f6nnen.&#8220;<\/td>\n<td width=\"302\">\u201eIch habe mit der Fanfare begonnen, da es sich hierbei um das klassische Einsteigerinstrument handelt. Danach habe ich auch noch Trompete-Spielen gelernt.\u201c<\/td>\n<\/tr>\n<tr>\n<td colspan=\"2\" width=\"604\"><em>\u00a0<\/em><\/p>\n<p><em>Wie oft und wann \u00fcbt ihr mit den anderen Mitgliedern des Corps?<\/em><\/p>\n<p><em>\u00a0<\/em><\/td>\n<\/tr>\n<tr>\n<td width=\"302\">&#8222;Einmal im Monat haben wir eine gemeinsame Reitstunde im Reitstall Schmitz in Krefeld, von welchem wir auch die Pferde f\u00fcr das Sch\u00fctzenfest &#8222;ausleihen&#8220;. So wird gew\u00e4hrleistet, dass auch die Mitglieder, die kein eigenes Pferd besitzen, regelm\u00e4\u00dfig reiten. So kommt niemand aus der \u00dcbung und wir haben gemeinsam Spa\u00df beim Training.&#8220;<\/td>\n<td width=\"302\">\u201eWir \u00fcben zwei Mal die Woche und zwar montags und donnerstags von 19:30 Uhr bis 21:30 Uhr in der Grundschule Kyburg.\u201c<\/p>\n<p><em>\u00a0<\/em><\/td>\n<\/tr>\n<tr>\n<td colspan=\"2\" width=\"604\"><em>\u00a0<\/em><\/p>\n<p><em>Das Sch\u00fctzenleben findet nicht nur an Sch\u00fctzenfest statt. An welchen Aktivit\u00e4ten deines Corps nimmst du weiterhin teil und was gef\u00e4llt dir besonders gut?<\/em><\/p>\n<p><em>\u00a0<\/em><\/td>\n<\/tr>\n<tr>\n<td width=\"302\">&#8222;Neben unseren gemeinsamen Reitstunden f\u00fchren wir an jedem ersten Freitag im Monat eine Versammlung durch, um Termine abzustimmen, Vorschl\u00e4ge f\u00fcr den Verein zu unterbreiten oder auch Spargeld f\u00fcr Sch\u00fctzenfest einzahlen zu k\u00f6nnen. Auch drehen wir jedes Jahr eine gemeinsame Runde \u00fcber die &#8222;gro\u00dfe&#8220; Neusser Kirmes, und auch sonst unternehmen wir \u00fcber das Jahr verteilt immer wieder etwas gemeinsam. W\u00e4hrend der Wintersaison besuchen wir beispielsweise die Kr\u00f6nungen der anderen Korps.<\/td>\n<td width=\"302\">&#8222;Wir spielen mit unserem Corps auf den verschiedensten Sch\u00fctzenfesten im Umkreis. Zwischen 8 und 10 St\u00fcck in der Saison kommen dabei gut zusammen. Au\u00dferdem haben wir diverse Auftritte auf Kr\u00f6nungen oder privaten Veranstaltungen. Das ist insgesamt zwar sehr zeitintensiv, jedoch macht es mir immer wieder viel Spa\u00df. Dadurch, dass wir auch auf vielen ausw\u00e4rtigen Sch\u00fctzenfesten unterwegs sind, haben sich viele Bekanntschaften und auch Freundschaften gebildet. Daher freut man sich immer wieder dort diese Menschen zu sehen. Wenn ich mich beispielsweise an Wochenende zwischen einem Auftritt oder einem Treffen mit meinen anderen Freunden entscheiden m\u00fcsste, w\u00fcrde ich immer dem Verein den Vorzug geben.\u201c<\/td>\n<\/tr>\n<tr>\n<td colspan=\"2\" width=\"604\"><em>\u00a0<\/em><\/p>\n<p><em>Sind auch Teile deines Freundeskreises Mitglied in deinem Corps?<\/em><\/p>\n<p><em>\u00a0<\/em><\/td>\n<\/tr>\n<tr>\n<td width=\"302\">&#8222;Ich habe durch das Reitercorps viele neue Freunde dazugewonnen. Die Mitglieder sind wie eine Familie f\u00fcr mich geworden. Daher haben sich nat\u00fcrlich durch das Reitercorps einige sehr enge Freundschaften gebildet.&#8220;<\/p>\n<p>&nbsp;<\/td>\n<td width=\"302\">&#8222;Auch einige meiner Freunde sind Mitglied im Fanfarencorps. Aus der Schule sind es eher die Jungs, welche auch Mitglied im Sch\u00fctzenverein sind. Einige meiner Freunde aus dem Corps kannte ich schon vorher aus Weckhoven, andere habe ich durch das Corps kennengelernt.&#8220;<\/td>\n<\/tr>\n<tr>\n<td colspan=\"2\" width=\"604\"><em>\u00a0<\/em><\/p>\n<p><em>Was halten deine Freunde, welche nicht im Sch\u00fctzenverein aktiv sind, von deiner Mitgliedschaft?<\/em><\/p>\n<p><em>\u00a0<\/em><\/td>\n<\/tr>\n<tr>\n<td width=\"302\">&#8222;Von meinen Freunden und Kollegen erhalte ich dahingehend volle Unterst\u00fctzung, wobei ich dazu sagen muss, dass beinahe alle meiner m\u00e4nnlichen Kollegen selber im Sch\u00fctzenverein aktiv sind und daher meine Leidenschaft f\u00fcr den Verein gut nachvollziehen k\u00f6nnen. Doch auch diejenigen, die nicht selber aktiv sind, finden meine Mitgliedschaft gut, gerade, weil es f\u00fcr Frauen nicht \u00fcblich ist, Mitglied im Sch\u00fctzenverein zu sein.&#8220;<\/td>\n<td width=\"302\">&#8222;Meine Freundinnen aus der Schule sind eher nicht am Sch\u00fctzenverein beziehungsweise an einer Mitgliedschaft im Fanfarencorps interessiert, da es sich um ein sehr zeitintensives Hobby handelt. Viele haben bereits feste Hobbies und au\u00dferdem nimmt auch die Schule einen Gro\u00dfteil der Zeit ein.&#8220;<\/td>\n<\/tr>\n<tr>\n<td colspan=\"2\" width=\"604\"><em>\u00a0<\/em><\/p>\n<p><em>Was gef\u00e4llt dir besonders gut am Sch\u00fctzenleben?<\/em><\/p>\n<p><em>\u00a0<\/em><\/td>\n<\/tr>\n<tr>\n<td width=\"302\">&#8222;Mir gef\u00e4llt besonders gut, dass durch das Sch\u00fctzenleben Traditionen bewahrt werden k\u00f6nnen. Vieles w\u00fcrde in Vergessenheit geraten, wenn nicht durch den Sch\u00fctzenverein unser Brauchtum gepflegt werden w\u00fcrde. Man trifft viele Bekannte, die eventuell aus Neuss weggezogen sind, mindestens einmal im Jahr wieder, weil sie f\u00fcr das Sch\u00fctzenfest zur\u00fcck in die Heimat kommen. Das Sch\u00fctzenwesen ist somit ein Ort des Wiedersehens und der Kontaktpflege. Man kann au\u00dferdem auch Bekanntschaften machen, die au\u00dferhalb des Sch\u00fctzenvereins wichtig und sinnvoll sind. Das finde ich wirklich sch\u00f6n&#8220;<\/td>\n<td width=\"302\">&#8222;Besonders gefallen mir die j\u00e4hrlichen Ausfl\u00fcge des Jugendarbeitskreises. Auch besonders wichtig ist mir, dass sich durch den Sch\u00fctzenverein Freundschaften geschlossen haben, welche auch \u00fcber den Weckhovener Verein hinausgehen.&#8220;<\/p>\n<p><em>\u00a0<\/em><\/td>\n<\/tr>\n<tr>\n<td width=\"302\">&nbsp;<\/td>\n<td width=\"302\"><em>\u00a0<\/em><\/p>\n<p><em>Wie gef\u00e4llt es dir eine Uniform zu tragen?<\/em><\/p>\n<p><em>\u00a0<\/em><\/td>\n<\/tr>\n<tr>\n<td width=\"302\">&nbsp;<\/td>\n<td width=\"302\">&#8222;Anfangs hatte ich mit der Uniform meine Probleme. Auch da sie als Waffenrock nicht besonders vorteilhaft geschnitten ist. Mittlerweile sehe ich die Uniform aber auch als eine Art der Repr\u00e4sentation unseres Corps an und daher trage ich sie gerne und mit Stolz. Abends wird sie aber auch mit der Zeit etwas schwer, sodass wir uns am Sch\u00fctzenfest vor der Party im Zelt kurz umziehen.&#8220;<\/td>\n<\/tr>\n<tr>\n<td colspan=\"2\" width=\"604\"><em>\u00a0<\/em><\/p>\n<p><em>Hattest du schon einmal negative Erfahrungen gemacht, beziehungsweise gibt es etwas, was dir am Sch\u00fctzenverein nicht gef\u00e4llt?<\/em><\/p>\n<p><em>\u00a0<\/em><\/td>\n<\/tr>\n<tr>\n<td width=\"302\">&#8222;In all den Jahren meiner Mitgliedschaft habe ich keine schlechten Erfahrungen machen m\u00fcssen. Nat\u00fcrlich streitet man sich ab und zu, das ist im menschlichen Zusammenleben normal. Bisher konnte jedes Missverst\u00e4ndnis oder Problem aufgekl\u00e4rt und aus der Welt geschafft werden.<\/p>\n<p>Ich hatte auch noch nie Angst abends vom Zelt nach Hause zu gehen. Es begleiten einen immer andere Sch\u00fctzen, die auf einen aufpassen. Daher f\u00fchle ich mich immer sehr sicher.&#8220;<\/td>\n<td width=\"302\">&#8222;Ich habe noch keinerlei schlechte Erfahrungen im Sch\u00fctzenverein gemacht. Das Fanfarencorps und auch der Sch\u00fctzenverein im Allgemeinen sind wie eine gro\u00dfe Familie und jeder passt auf den anderen auf.&#8220;<\/td>\n<\/tr>\n<tr>\n<td colspan=\"2\" width=\"604\"><em>\u00a0<\/em><\/p>\n<p><em>Viele Mitglieder des Vereins wachsen schon von Klein an mit dem Sch\u00fctzenwesen auf. Welche Argumente k\u00f6nnten auch junge Menschen, deren Eltern nicht im Verein aktiv sind, davon \u00fcberzeugen sich dem Sch\u00fctzenverein anzuschlie\u00dfen?<\/em><\/p>\n<p>&nbsp;<\/td>\n<\/tr>\n<tr>\n<td width=\"302\">&#8222;Der Sch\u00fctzenverein ist f\u00fcr junge Menschen attraktiv, da hier ein Zusammenleben in der Gemeinschaft gestaltet wird. Egal wann Hilfe ben\u00f6tigt wird, man bekommt sie, und zwar aus allen Korps, und nicht nur dem eigenen. Viele Unternehmungen, auch au\u00dferhalb des Sch\u00fctzenfestes, werden angeboten, zum Beispiel die j\u00e4hrlichen Ausfl\u00fcge des Jugendarbeitskreises. Auch hier k\u00f6nnen wieder neue Freundschaften geschlossen werden. Weiterhin besteht die M\u00f6glichkeit &#8211; bereits in jungen Jahren &#8211; in die K\u00f6nigsw\u00fcrde &#8222;reinzuschnuppern&#8220;, als Edelknaben-, Sch\u00fcler- oder Jungsch\u00fctzenk\u00f6nig. Hierbei stehen die jungen Mitglieder des Vereins im Mittelpunkt.&#8220;<\/td>\n<td width=\"302\">&#8222;Der Sch\u00fctzenverein bietet eine tolle Gemeinschaft mit Gleichaltrigen. Insbesondere im Fanfarencorps kann man das Spielen vieler verschiedener Instrumente erlernen. Die musikalische Ausbildung hierzu ist kostenlos. Wie ich schon beschrieben habe, ist das Fanfarencorps wie eine zweite Familie f\u00fcr mich geworden. Der Zusammenhalt innerhalb des Corps ist sehr gro\u00df und jeder steht f\u00fcr den anderen ein. Ein Argument, welches auch f\u00fcr Eltern eine wichtige Rolle spielen kann, ist, dass alle Mitglieder und vor Allem die Jungendbetreuer auf die jungen Mitglieder aufpassen. Ich habe mich aufgrund dieses Zusammenhaltes noch nie unsicher gef\u00fchlt.&#8220;<\/td>\n<\/tr>\n<\/tbody>\n<\/table>\n<figure id=\"attachment_649\" aria-describedby=\"caption-attachment-649\" style=\"width: 225px\" class=\"wp-caption alignright\"><a href=\"http:\/\/xn--schtzenverein-weckhoven-epc.de\/wp-content\/uploads\/2017\/10\/Tamara.jpg\"><img loading=\"lazy\" decoding=\"async\" class=\"size-medium wp-image-649\" src=\"http:\/\/xn--schtzenverein-weckhoven-epc.de\/wp-content\/uploads\/2017\/10\/Tamara-225x300.jpg\" alt=\"Tamara\" width=\"225\" height=\"300\" srcset=\"https:\/\/xn--schtzenverein-weckhoven-epc.de\/wp-content\/uploads\/2017\/10\/Tamara-225x300.jpg 225w, https:\/\/xn--schtzenverein-weckhoven-epc.de\/wp-content\/uploads\/2017\/10\/Tamara.jpg 720w\" sizes=\"auto, (max-width: 225px) 100vw, 225px\" \/><\/a><figcaption id=\"caption-attachment-649\" class=\"wp-caption-text\">Tamara<\/figcaption><\/figure>\n<figure id=\"attachment_648\" aria-describedby=\"caption-attachment-648\" style=\"width: 191px\" class=\"wp-caption alignleft\"><a href=\"http:\/\/xn--schtzenverein-weckhoven-epc.de\/wp-content\/uploads\/2017\/10\/Kristina.jpg\"><img loading=\"lazy\" decoding=\"async\" class=\"wp-image-648 size-medium\" src=\"http:\/\/xn--schtzenverein-weckhoven-epc.de\/wp-content\/uploads\/2017\/10\/Kristina-191x300.jpg\" alt=\"Kristina\" width=\"191\" height=\"300\" srcset=\"https:\/\/xn--schtzenverein-weckhoven-epc.de\/wp-content\/uploads\/2017\/10\/Kristina-191x300.jpg 191w, https:\/\/xn--schtzenverein-weckhoven-epc.de\/wp-content\/uploads\/2017\/10\/Kristina.jpg 305w\" sizes=\"auto, (max-width: 191px) 100vw, 191px\" \/><\/a><figcaption id=\"caption-attachment-648\" class=\"wp-caption-text\">Kristina<\/figcaption><\/figure>\n","protected":false},"excerpt":{"rendered":"<p>Wer sich die Parade oder die Umz\u00fcge an Sch\u00fctzenfest ansieht, wird es feststellen. Frauen als aktive Mitglieder im Sch\u00fctzenverein sind eher eine Seltenheit. Dabei sind in Weckhoven im Reitercorps, sowie in den Musikvereinen &#8211; namentlich das Bundesfanfarencorps St. Paulus und das Tambourcorps Weckhoven &#8211; Frauen zugelassen. Zu diesem Thema ergeben sich viele spannende Fragen, welche Kristina Zeiger aus dem Reitercorps und Tamara Kalinowski aus dem Fanfarencorps bei einem Interview beantwortet haben. &nbsp; Kristina Zeiger ist Beamtin und seit 12 Jahren&#8230;<\/p>\n<p class=\"read-more\"><a class=\"btn btn-default\" href=\"https:\/\/xn--schtzenverein-weckhoven-epc.de\/?p=647\">Weiterlesen<span class=\"screen-reader-text\"> Weiterlesen<\/span><\/a><\/p>\n","protected":false},"author":2,"featured_media":0,"comment_status":"open","ping_status":"open","sticky":false,"template":"","format":"standard","meta":{"footnotes":""},"categories":[20],"tags":[],"class_list":["post-647","post","type-post","status-publish","format-standard","hentry","category-archiv-2017"],"_links":{"self":[{"href":"https:\/\/xn--schtzenverein-weckhoven-epc.de\/index.php?rest_route=\/wp\/v2\/posts\/647","targetHints":{"allow":["GET"]}}],"collection":[{"href":"https:\/\/xn--schtzenverein-weckhoven-epc.de\/index.php?rest_route=\/wp\/v2\/posts"}],"about":[{"href":"https:\/\/xn--schtzenverein-weckhoven-epc.de\/index.php?rest_route=\/wp\/v2\/types\/post"}],"author":[{"embeddable":true,"href":"https:\/\/xn--schtzenverein-weckhoven-epc.de\/index.php?rest_route=\/wp\/v2\/users\/2"}],"replies":[{"embeddable":true,"href":"https:\/\/xn--schtzenverein-weckhoven-epc.de\/index.php?rest_route=%2Fwp%2Fv2%2Fcomments&post=647"}],"version-history":[{"count":1,"href":"https:\/\/xn--schtzenverein-weckhoven-epc.de\/index.php?rest_route=\/wp\/v2\/posts\/647\/revisions"}],"predecessor-version":[{"id":650,"href":"https:\/\/xn--schtzenverein-weckhoven-epc.de\/index.php?rest_route=\/wp\/v2\/posts\/647\/revisions\/650"}],"wp:attachment":[{"href":"https:\/\/xn--schtzenverein-weckhoven-epc.de\/index.php?rest_route=%2Fwp%2Fv2%2Fmedia&parent=647"}],"wp:term":[{"taxonomy":"category","embeddable":true,"href":"https:\/\/xn--schtzenverein-weckhoven-epc.de\/index.php?rest_route=%2Fwp%2Fv2%2Fcategories&post=647"},{"taxonomy":"post_tag","embeddable":true,"href":"https:\/\/xn--schtzenverein-weckhoven-epc.de\/index.php?rest_route=%2Fwp%2Fv2%2Ftags&post=647"}],"curies":[{"name":"wp","href":"https:\/\/api.w.org\/{rel}","templated":true}]}}