{"id":628,"date":"2017-06-13T13:22:19","date_gmt":"2017-06-13T13:22:19","guid":{"rendered":"http:\/\/xn--schtzenverein-weckhoven-epc.de\/?p=628"},"modified":"2018-04-14T14:46:38","modified_gmt":"2018-04-14T14:46:38","slug":"bericht-schuetzenfest","status":"publish","type":"post","link":"https:\/\/xn--schtzenverein-weckhoven-epc.de\/?p=628","title":{"rendered":"Bericht Sch\u00fctzenfest"},"content":{"rendered":"<p>Das diesj\u00e4hrige Sch\u00fctzenfest begann mit der traditionellen Er\u00f6ffnung auf dem Lindenplatz durch das B\u00f6llern der Gesch\u00fctze der Stadt Neuss am Samstagmittag. Nach einem sch\u00f6nen Sch\u00fctzengottesdienst in der Kirche St. Paulus marschierten die Sch\u00fctzen zum Lindenplatz um am Ehrenmal den Zapfenstreich abzuhalten. Anschlie\u00dfend wurden im Festzelt die diesj\u00e4hrigen <a href=\"http:\/\/sch\u00fctzenverein-weckhoven.de\/?cat=16\">Jubilare<\/a> geehrt und die Sch\u00fctzen und Besucher verbrachten einen sch\u00f6nen Tanzabend mit der Partyband O-Ton.<\/p>\n<p>Der Festkommerz am Sonntagmorgen begann mit der Meldung der Korpsf\u00fchrer beim Oberst und der Vorstellung des <a href=\"http:\/\/sch\u00fctzenverein-weckhoven.de\/?p=500\">Edelknabenk\u00f6nigs<\/a>. Unser <a href=\"http:\/\/sch\u00fctzenverein-weckhoven.de\/?p=587\">Sch\u00fctzenk\u00f6nig<\/a> Heinz-Peter Cla\u00dfen wurde mit der letzten Insignie seiner Macht &#8211; dem K\u00f6nigszepter- ausgestattet. Seinen ersten H\u00f6hepunkt erreichte der Tag mit der emotionalen <a href=\"http:\/\/sch\u00fctzenverein-weckhoven.de\/?p=626\">Ehrung von Dietmar Lenerz und Herbert Bolten als Ehrenpr\u00e4sident bzw. Ehrenmitglied<\/a>. Die Korpsk\u00f6nige erhielten als Ehrengabe vom Regiment die obligatorische Sch\u00fctzenuhr mit unserem Wappen und Phillip Haufs wurde vom Rheinischen Sch\u00fctzenbund f\u00fcr seine Verdienste mit der Verdienstspange in Gold geehrt. Der Sch\u00fctzenk\u00f6nig lie\u00df alle Majore und Zugf\u00fchrer vortreten um diesen seine K\u00f6nigsnadel f\u00fcr alle Mitglieder des Vereins zu \u00fcberreichen.<\/p>\n<p>Nachmittags fand bei warmen aber gr\u00f6\u00dftenteils stabilen Wetter die K\u00f6nigsparade statt. Abends holten die Jungsch\u00fctzen den <a href=\"http:\/\/sch\u00fctzenverein-weckhoven.de\/?p=558\">Jungsch\u00fctzenk\u00f6nig<\/a> und <a href=\"http:\/\/sch\u00fctzenverein-weckhoven.de\/?p=556\">Sch\u00fclerk\u00f6nig<\/a> ab und diese wurden nebst ihren Rittern im Festzelt vorgestellt und geehrt.<\/p>\n<p>Nach dem Besuch der Grundschule am Montagmorgen, welcher sich gro\u00dfer Beliebtheit erfreut, hielten die Sch\u00fctzen das musikalische Fr\u00fchshoppen nebst Fr\u00fcchst\u00fcck im Festzelt ab. Die Parade und der Umzug liefen gleicherma\u00dfen sch\u00f6n und vor allem trocken wie bereits am Sonntag ab und im Festzelt angekommen begann der beliebte B\u00fcrgerball, f\u00fcr welchen das Zelt wie in den vergangenen Jahren bereits extra umgebaut wurde. Die Coverband &#8222;Bitte ein Hit&#8220; sorgte f\u00fcr gute Stimmung und die Besucher und Sch\u00fctzen verbrachten einen tollen Partyabend.<\/p>\n<p>Zum Ausklang und letzten H\u00f6hepunkt des Festes hielten die Sch\u00fctzen die Parade an der Maximilian Kolbe Stra\u00dfe ab und brachten K\u00f6nigspaar nebst Hofstaat zur Kr\u00f6nungszeremonie in das Festzelt. Dort wurde I.M. Petra Cla\u00dfen nach der Er\u00f6ffnungsrede des Vizepr\u00e4sidenten J\u00fcrgen Stellet, in welcher er uns allen ein gelungenes Fest best\u00e4tigte und f\u00fcr die Rekrutierung neuer Mitglieder warb, das Diadem der Sch\u00fctzenk\u00f6nigin aufgesetzt. Nachdem Heinz-Peter Cla\u00dfen zu seinen Sch\u00fctzen gesprochen hatte, begann die Gratulation der Offiziere und G\u00e4ste. Mit dem Ehrebtanz endete der offizielle Teil des Kr\u00f6nungsabends und die Sch\u00fctzen feierten den letzten Abend des Sch\u00fctzenfestes zu guter Musik der Roland Br\u00fcggen Band.<\/p>\n","protected":false},"excerpt":{"rendered":"<p>Das diesj\u00e4hrige Sch\u00fctzenfest begann mit der traditionellen Er\u00f6ffnung auf dem Lindenplatz durch das B\u00f6llern der Gesch\u00fctze der Stadt Neuss am Samstagmittag. Nach einem sch\u00f6nen Sch\u00fctzengottesdienst in der Kirche St. Paulus marschierten die Sch\u00fctzen zum Lindenplatz um am Ehrenmal den Zapfenstreich abzuhalten. Anschlie\u00dfend wurden im Festzelt die diesj\u00e4hrigen Jubilare geehrt und die Sch\u00fctzen und Besucher verbrachten einen sch\u00f6nen Tanzabend mit der Partyband O-Ton. Der Festkommerz am Sonntagmorgen begann mit der Meldung der Korpsf\u00fchrer beim Oberst und der Vorstellung des Edelknabenk\u00f6nigs. Unser&#8230;<\/p>\n<p class=\"read-more\"><a class=\"btn btn-default\" href=\"https:\/\/xn--schtzenverein-weckhoven-epc.de\/?p=628\">Weiterlesen<span class=\"screen-reader-text\"> Weiterlesen<\/span><\/a><\/p>\n","protected":false},"author":2,"featured_media":0,"comment_status":"open","ping_status":"open","sticky":false,"template":"","format":"standard","meta":{"footnotes":""},"categories":[20],"tags":[],"class_list":["post-628","post","type-post","status-publish","format-standard","hentry","category-archiv-2017"],"_links":{"self":[{"href":"https:\/\/xn--schtzenverein-weckhoven-epc.de\/index.php?rest_route=\/wp\/v2\/posts\/628","targetHints":{"allow":["GET"]}}],"collection":[{"href":"https:\/\/xn--schtzenverein-weckhoven-epc.de\/index.php?rest_route=\/wp\/v2\/posts"}],"about":[{"href":"https:\/\/xn--schtzenverein-weckhoven-epc.de\/index.php?rest_route=\/wp\/v2\/types\/post"}],"author":[{"embeddable":true,"href":"https:\/\/xn--schtzenverein-weckhoven-epc.de\/index.php?rest_route=\/wp\/v2\/users\/2"}],"replies":[{"embeddable":true,"href":"https:\/\/xn--schtzenverein-weckhoven-epc.de\/index.php?rest_route=%2Fwp%2Fv2%2Fcomments&post=628"}],"version-history":[{"count":3,"href":"https:\/\/xn--schtzenverein-weckhoven-epc.de\/index.php?rest_route=\/wp\/v2\/posts\/628\/revisions"}],"predecessor-version":[{"id":674,"href":"https:\/\/xn--schtzenverein-weckhoven-epc.de\/index.php?rest_route=\/wp\/v2\/posts\/628\/revisions\/674"}],"wp:attachment":[{"href":"https:\/\/xn--schtzenverein-weckhoven-epc.de\/index.php?rest_route=%2Fwp%2Fv2%2Fmedia&parent=628"}],"wp:term":[{"taxonomy":"category","embeddable":true,"href":"https:\/\/xn--schtzenverein-weckhoven-epc.de\/index.php?rest_route=%2Fwp%2Fv2%2Fcategories&post=628"},{"taxonomy":"post_tag","embeddable":true,"href":"https:\/\/xn--schtzenverein-weckhoven-epc.de\/index.php?rest_route=%2Fwp%2Fv2%2Ftags&post=628"}],"curies":[{"name":"wp","href":"https:\/\/api.w.org\/{rel}","templated":true}]}}