{"id":500,"date":"2017-04-10T16:53:03","date_gmt":"2017-04-10T16:53:03","guid":{"rendered":"http:\/\/xn--schtzenverein-weckhoven-epc.de\/?p=500"},"modified":"2018-01-11T18:40:47","modified_gmt":"2018-01-11T18:40:47","slug":"edelknabenkoenig-jean-luca","status":"publish","type":"post","link":"https:\/\/xn--schtzenverein-weckhoven-epc.de\/?p=500","title":{"rendered":"Edelknabenk\u00f6nig Jean-Luca"},"content":{"rendered":"<p>Das Edelknabencorps hat am Samstag den 01.04.2017 seinen neuen K\u00f6nig ermittelt: Jean-Luca Falczewski.<\/p>\n<p>Jean Luca ist 9 Jahre alt, hat eine Schwester sowie drei\u00a0Br\u00fcder und besucht die<\/p>\n<figure id=\"attachment_580\" aria-describedby=\"caption-attachment-580\" style=\"width: 133px\" class=\"wp-caption alignright\"><a href=\"http:\/\/xn--schtzenverein-weckhoven-epc.de\/wp-content\/uploads\/2017\/05\/Jean-Luca-Falczewski.jpg\"><img loading=\"lazy\" decoding=\"async\" class=\"wp-image-580 size-medium\" src=\"http:\/\/xn--schtzenverein-weckhoven-epc.de\/wp-content\/uploads\/2017\/05\/Jean-Luca-Falczewski-133x300.jpg\" alt=\"Jean-Luca Falczewski\" width=\"133\" height=\"300\" srcset=\"https:\/\/xn--schtzenverein-weckhoven-epc.de\/wp-content\/uploads\/2017\/05\/Jean-Luca-Falczewski-133x300.jpg 133w, https:\/\/xn--schtzenverein-weckhoven-epc.de\/wp-content\/uploads\/2017\/05\/Jean-Luca-Falczewski-768x1730.jpg 768w, https:\/\/xn--schtzenverein-weckhoven-epc.de\/wp-content\/uploads\/2017\/05\/Jean-Luca-Falczewski-455x1024.jpg 455w, https:\/\/xn--schtzenverein-weckhoven-epc.de\/wp-content\/uploads\/2017\/05\/Jean-Luca-Falczewski.jpg 1609w\" sizes=\"auto, (max-width: 133px) 100vw, 133px\" \/><\/a><figcaption id=\"caption-attachment-580\" class=\"wp-caption-text\">Jean-Luca Falczewski<\/figcaption><\/figure>\n<p>Grundschule Kyburg. Er ist in Krefeld geboren, wo er auch den Kindergarten besucht hat. Als ein besonderes Ereignis in seinem Leben, gibt er daher neben der Erringung der K\u00f6nigw\u00fcrde im Edelknabencorps den Umzug im Jahre 2013 nach Neuss an.<\/p>\n<p>Zu seinen Hobbies z\u00e4hlen neben dem Sch\u00fctzenfest Handball und Fu\u00dfball. Wenn die neue Majest\u00e4t erwachsen ist, m\u00f6chte sie gerne Fu\u00dfballer oder Polizist werden.<\/p>\n<p>Neben Jean-Luca stehen folgende Ritter.<\/p>\n<p>Kopf: Ben Fleischer<\/p>\n<p>rechter Fl\u00fcgel: Jeremy Knuth<\/p>\n<p>linker Fl\u00fcgel: Jayden Bayer<\/p>\n<p>Schweif: Anthony Bilk<\/p>\n<p>Wir w\u00fcnschen dem Edelknabenk\u00f6nig Jean-Luca und seinen Rittern alles Gute und ein sch\u00f6nes sonniges Sch\u00fctzenfest 2017 in Weckhoven.<\/p>\n<p>&nbsp;<\/p>\n","protected":false},"excerpt":{"rendered":"<p>Das Edelknabencorps hat am Samstag den 01.04.2017 seinen neuen K\u00f6nig ermittelt: Jean-Luca Falczewski. Jean Luca ist 9 Jahre alt, hat eine Schwester sowie drei\u00a0Br\u00fcder und besucht die Grundschule Kyburg. Er ist in Krefeld geboren, wo er auch den Kindergarten besucht hat. Als ein besonderes Ereignis in seinem Leben, gibt er daher neben der Erringung der K\u00f6nigw\u00fcrde im Edelknabencorps den Umzug im Jahre 2013 nach Neuss an. Zu seinen Hobbies z\u00e4hlen neben dem Sch\u00fctzenfest Handball und Fu\u00dfball. Wenn die neue Majest\u00e4t&#8230;<\/p>\n<p class=\"read-more\"><a class=\"btn btn-default\" href=\"https:\/\/xn--schtzenverein-weckhoven-epc.de\/?p=500\">Weiterlesen<span class=\"screen-reader-text\"> Weiterlesen<\/span><\/a><\/p>\n","protected":false},"author":2,"featured_media":0,"comment_status":"open","ping_status":"open","sticky":false,"template":"","format":"standard","meta":{"footnotes":""},"categories":[20],"tags":[],"class_list":["post-500","post","type-post","status-publish","format-standard","hentry","category-archiv-2017"],"_links":{"self":[{"href":"https:\/\/xn--schtzenverein-weckhoven-epc.de\/index.php?rest_route=\/wp\/v2\/posts\/500","targetHints":{"allow":["GET"]}}],"collection":[{"href":"https:\/\/xn--schtzenverein-weckhoven-epc.de\/index.php?rest_route=\/wp\/v2\/posts"}],"about":[{"href":"https:\/\/xn--schtzenverein-weckhoven-epc.de\/index.php?rest_route=\/wp\/v2\/types\/post"}],"author":[{"embeddable":true,"href":"https:\/\/xn--schtzenverein-weckhoven-epc.de\/index.php?rest_route=\/wp\/v2\/users\/2"}],"replies":[{"embeddable":true,"href":"https:\/\/xn--schtzenverein-weckhoven-epc.de\/index.php?rest_route=%2Fwp%2Fv2%2Fcomments&post=500"}],"version-history":[{"count":3,"href":"https:\/\/xn--schtzenverein-weckhoven-epc.de\/index.php?rest_route=\/wp\/v2\/posts\/500\/revisions"}],"predecessor-version":[{"id":584,"href":"https:\/\/xn--schtzenverein-weckhoven-epc.de\/index.php?rest_route=\/wp\/v2\/posts\/500\/revisions\/584"}],"wp:attachment":[{"href":"https:\/\/xn--schtzenverein-weckhoven-epc.de\/index.php?rest_route=%2Fwp%2Fv2%2Fmedia&parent=500"}],"wp:term":[{"taxonomy":"category","embeddable":true,"href":"https:\/\/xn--schtzenverein-weckhoven-epc.de\/index.php?rest_route=%2Fwp%2Fv2%2Fcategories&post=500"},{"taxonomy":"post_tag","embeddable":true,"href":"https:\/\/xn--schtzenverein-weckhoven-epc.de\/index.php?rest_route=%2Fwp%2Fv2%2Ftags&post=500"}],"curies":[{"name":"wp","href":"https:\/\/api.w.org\/{rel}","templated":true}]}}