{"id":489,"date":"2017-03-05T17:56:01","date_gmt":"2017-03-05T17:56:01","guid":{"rendered":"http:\/\/xn--schtzenverein-weckhoven-epc.de\/?p=489"},"modified":"2018-03-11T11:47:36","modified_gmt":"2018-03-11T11:47:36","slug":"1-generalversammlung-2","status":"publish","type":"post","link":"https:\/\/xn--schtzenverein-weckhoven-epc.de\/?p=489","title":{"rendered":"1. Generalversammlung"},"content":{"rendered":"<p>Die erste Generalversammlung 2017 fand im neu renovierten Saal der Gastst\u00e4tte &#8222;Partytur im Engels&#8220; am 05.03.2017 um 10:30 Uhr statt.<\/p>\n<figure id=\"attachment_490\" aria-describedby=\"caption-attachment-490\" style=\"width: 300px\" class=\"wp-caption alignright\"><a href=\"http:\/\/xn--schtzenverein-weckhoven-epc.de\/wp-content\/uploads\/2017\/03\/SAM_2962.jpg\"><img loading=\"lazy\" decoding=\"async\" class=\"wp-image-490 size-medium\" src=\"http:\/\/xn--schtzenverein-weckhoven-epc.de\/wp-content\/uploads\/2017\/03\/SAM_2962-300x225.jpg\" alt=\"1. Generalversammlung - Saal Partytur\" width=\"300\" height=\"225\" srcset=\"https:\/\/xn--schtzenverein-weckhoven-epc.de\/wp-content\/uploads\/2017\/03\/SAM_2962-300x225.jpg 300w, https:\/\/xn--schtzenverein-weckhoven-epc.de\/wp-content\/uploads\/2017\/03\/SAM_2962-768x576.jpg 768w, https:\/\/xn--schtzenverein-weckhoven-epc.de\/wp-content\/uploads\/2017\/03\/SAM_2962-1024x768.jpg 1024w, https:\/\/xn--schtzenverein-weckhoven-epc.de\/wp-content\/uploads\/2017\/03\/SAM_2962-400x300.jpg 400w\" sizes=\"auto, (max-width: 300px) 100vw, 300px\" \/><\/a><figcaption id=\"caption-attachment-490\" class=\"wp-caption-text\">1. Generalversammlung &#8211; Saal Partytur<\/figcaption><\/figure>\n<p>Die Versammlung wurde durch den neu gew\u00e4hlten Pr\u00e4sidenten Dieter Moll er\u00f6ffnet und alle anwesenden Sch\u00fctzen wurden begr\u00fc\u00dft. Vor dem tats\u00e4chlichen Beginn des offiziellen Teiles wurde er unerwartet vom ehemaligen Pr\u00e4sidenten Dietmar Lenerz unterbrochen, welcher ihm feierlich die Kette des Pr\u00e4sidenten \u00fcberreichte.<\/p>\n<p>Danach startete die Versammlung gleich mit der wichtigsten Frage zu Beginn. In alter Tradition stellte Dieter Moll die Kardinalsfrage \u201eSollen wir auch in diesem Jahr Sch\u00fctzenfest feiern?\u201c in Reimform, auf \u00a0welche die Versammlung lautstark mit \u201eZoch, Zoch\u201c antwortete.<\/p>\n<p>Unter dem Thema \u201eDer Vorstand informiert\u201c stellte Dieter Moll kurz die bislang erfolge Arbeitsaufnahme des neuen Vorstandes dar. Das unterhalb der Sch\u00fctzen meist diskutierte Thema Schie\u00dfstand wurde ebenfalls aufgegriffen. Der Schie\u00dfstand im Partytur soll bis Anfang April fertig gestellt sein. Da f\u00fcr den Oberstehrenabend beh\u00f6rdliche Genehmigungen mit einer Vorlaufzeit von circa 4 Wochen eingeholt werden m\u00fcssen, entscheidet sich in der ersten April Woche final, ob das Schie\u00dfen im Partytur oder wie in den vergangenen Jahren im Zelt stattfindet.<br \/>\nDieses Jahr hat unser Sch\u00fctzenverein die besondere M\u00f6glichkeit sich im Blickpunkt umfangreicher als sonst zu pr\u00e4sentieren. Es wird vor Sch\u00fctzenfest eine Ausgabe geben, welche sich ausschlie\u00dflich um den Sch\u00fctzenverein drehen wird. Dementsprechend bat J\u00fcrgen Stellet alle Korps darum interessante Beitr\u00e4ge und Bildmaterial an den Vorstand heranzutragen. Redaktionsschluss f\u00fcr die Einreichung von Texten f\u00fcr den Blickpunkt ist Ende April.<br \/>\nAn dieser Stelle wurde auch noch einmal daran erinnert, dass die Korps f\u00fcr die Aktualit\u00e4t und den Inhalt der Korpstexte auf der Internetseite des Sch\u00fctzenvereins verantwortlich sind und mehr Informationen an den Pressewart flie\u00dfen sollten.<\/p>\n<p>Weiter wurde darauf hingewiesen, dass die H\u00fclle der Vorreiter-Fahne offenbar vertauscht wurde. Diese ist ca. 5 cm zu eng. Die Korps wurden daher darum gebeten ihre H\u00fcllen zu kontrollieren.<\/p>\n<p>Dieter Moll berichtete von dem Pr\u00e4sidententreffen aller Neusser Sch\u00fctzenvereine. Als besonders erfreuliche Nachricht wurde aufgenommen, dass dieses Jahr wieder auf dem Lindenplatz durch die Kanoniere des Ordnungsamts geb\u00f6llert werden darf.<\/p>\n<p>Der Musikbeauftragte Alfred F\u00f6rster stellte die Musikeinteilung f\u00fcr den Oberstehrenabend und Sch\u00fctzenfest vor. Folgende Bands \/ Musiker werden im Festzelt auftreten:<\/p>\n<ul>\n<li>Oberstehrenabend: Popcorn<\/li>\n<li>Sch\u00fctzenfest-Samstag: O-Ton<\/li>\n<li>Sch\u00fctzenfest-Sonntag: DJ Chris<\/li>\n<li>Sch\u00fctzenfest-Montag: Partyband: &#8222;Bitte ein Hit&#8220; und DJ Britz<\/li>\n<li>Sch\u00fctzenfest-Dienstag: Roland Br\u00fcggen Band<\/li>\n<\/ul>\n<p>Ferner wurde bekannt gemacht, dass sich bislang drei K\u00f6nigsbewerber gemeldet haben.<\/p>\n<p>Kassierer Stefan Bilk verteilte die Beitragslisten und wies darauf hin alle Jubilare auf diesen zu vermerken. Anschlie\u00dfend gab er den diesj\u00e4hrigen Kassendienst bekannt:<\/p>\n<ul>\n<li>Oberstehrenabend: Grenadierzug &#8222;Schwatte Fr\u00e4ck&#8220;<\/li>\n<li>Samstag: Kasse: Scheibensch\u00fctzenzug: &#8222;Mer moche alles m\u00f6t&#8220; Raucherbereich: Gildezug &#8222;Heide-Hirsch&#8220;<\/li>\n<li>Montag: Kasse: Hubertuszug &#8222;Gr\u00fcne Jungs&#8220; Raucherbereich: Scheibensch\u00fctzenzug: &#8222;H\u00f6tsche Junge&#8220;<\/li>\n<li>Ersatzz\u00fcge: Gildezug &#8222;Die Falken&#8220; und Hubertusfahnenzug<\/li>\n<\/ul>\n<p>Thomas Kiehl stellte die G\u00e4steliste f\u00fcr Sch\u00fctzenfestsonntag vor und sprach die Einladung verdienter Sch\u00fctzen sowie Korpsk\u00f6nige zur Abnahme der Parade am Sch\u00fctzenfestmontag aus.<\/p>\n<p>Vizepr\u00e4sident J\u00fcrgen Stellet startete einen Spendenaufruf an alle Sch\u00fctzen und stellte die Wichtigkeit der Investitionen in die Zukunft des Vereins heraus, welche insbesondere im Jugendarbeitskreis und der Attraktivit\u00e4t des B\u00fcrgerballs liegen.<\/p>\n<p>Godehard Fesser machte bekannt, dass der diesj\u00e4hrige Ausflug des Jugendarbeitskreises in jedem Fall wieder stattfindet. Das Ziel ist zur Zeit noch unklar, wird jedoch rechtzeitig bekannt gegeben.<\/p>\n<p>Zum Ende der Versammlung verabschiedete sich Dieter Moll mit einigen Schlussworten und entlie\u00df mit einer Musikeinlage des Bundesfanfarenkorps alle Sch\u00fctzen in einen sonnigen Sonntag.<\/p>\n","protected":false},"excerpt":{"rendered":"<p>Die erste Generalversammlung 2017 fand im neu renovierten Saal der Gastst\u00e4tte &#8222;Partytur im Engels&#8220; am 05.03.2017 um 10:30 Uhr statt. Die Versammlung wurde durch den neu gew\u00e4hlten Pr\u00e4sidenten Dieter Moll er\u00f6ffnet und alle anwesenden Sch\u00fctzen wurden begr\u00fc\u00dft. Vor dem tats\u00e4chlichen Beginn des offiziellen Teiles wurde er unerwartet vom ehemaligen Pr\u00e4sidenten Dietmar Lenerz unterbrochen, welcher ihm feierlich die Kette des Pr\u00e4sidenten \u00fcberreichte. Danach startete die Versammlung gleich mit der wichtigsten Frage zu Beginn. In alter Tradition stellte Dieter Moll die Kardinalsfrage&#8230;<\/p>\n<p class=\"read-more\"><a class=\"btn btn-default\" href=\"https:\/\/xn--schtzenverein-weckhoven-epc.de\/?p=489\">Weiterlesen<span class=\"screen-reader-text\"> Weiterlesen<\/span><\/a><\/p>\n","protected":false},"author":2,"featured_media":490,"comment_status":"open","ping_status":"open","sticky":false,"template":"","format":"standard","meta":{"footnotes":""},"categories":[20],"tags":[],"class_list":["post-489","post","type-post","status-publish","format-standard","has-post-thumbnail","hentry","category-archiv-2017"],"_links":{"self":[{"href":"https:\/\/xn--schtzenverein-weckhoven-epc.de\/index.php?rest_route=\/wp\/v2\/posts\/489","targetHints":{"allow":["GET"]}}],"collection":[{"href":"https:\/\/xn--schtzenverein-weckhoven-epc.de\/index.php?rest_route=\/wp\/v2\/posts"}],"about":[{"href":"https:\/\/xn--schtzenverein-weckhoven-epc.de\/index.php?rest_route=\/wp\/v2\/types\/post"}],"author":[{"embeddable":true,"href":"https:\/\/xn--schtzenverein-weckhoven-epc.de\/index.php?rest_route=\/wp\/v2\/users\/2"}],"replies":[{"embeddable":true,"href":"https:\/\/xn--schtzenverein-weckhoven-epc.de\/index.php?rest_route=%2Fwp%2Fv2%2Fcomments&post=489"}],"version-history":[{"count":4,"href":"https:\/\/xn--schtzenverein-weckhoven-epc.de\/index.php?rest_route=\/wp\/v2\/posts\/489\/revisions"}],"predecessor-version":[{"id":498,"href":"https:\/\/xn--schtzenverein-weckhoven-epc.de\/index.php?rest_route=\/wp\/v2\/posts\/489\/revisions\/498"}],"wp:featuredmedia":[{"embeddable":true,"href":"https:\/\/xn--schtzenverein-weckhoven-epc.de\/index.php?rest_route=\/wp\/v2\/media\/490"}],"wp:attachment":[{"href":"https:\/\/xn--schtzenverein-weckhoven-epc.de\/index.php?rest_route=%2Fwp%2Fv2%2Fmedia&parent=489"}],"wp:term":[{"taxonomy":"category","embeddable":true,"href":"https:\/\/xn--schtzenverein-weckhoven-epc.de\/index.php?rest_route=%2Fwp%2Fv2%2Fcategories&post=489"},{"taxonomy":"post_tag","embeddable":true,"href":"https:\/\/xn--schtzenverein-weckhoven-epc.de\/index.php?rest_route=%2Fwp%2Fv2%2Ftags&post=489"}],"curies":[{"name":"wp","href":"https:\/\/api.w.org\/{rel}","templated":true}]}}