{"id":463,"date":"2016-11-20T13:57:25","date_gmt":"2016-11-20T13:57:25","guid":{"rendered":"http:\/\/xn--schtzenverein-weckhoven-epc.de\/?p=463"},"modified":"2017-10-15T13:14:43","modified_gmt":"2017-10-15T13:14:43","slug":"neuer-praesident-des-schuetzenvereins-dieter-moll","status":"publish","type":"post","link":"https:\/\/xn--schtzenverein-weckhoven-epc.de\/?p=463","title":{"rendered":"Neuer Pr\u00e4sident des Sch\u00fctzenvereins: Dieter Moll"},"content":{"rendered":"<p>Dieter Moll ist der neue Pr\u00e4sident des Sch\u00fctzenvereins von 1863 Weckhoven e.V..<\/p>\n<figure id=\"attachment_450\" aria-describedby=\"caption-attachment-450\" style=\"width: 300px\" class=\"wp-caption alignright\"><a href=\"http:\/\/xn--schtzenverein-weckhoven-epc.de\/wp-content\/uploads\/2016\/04\/DieterMollPr\u00e4sident.jpg\"><img loading=\"lazy\" decoding=\"async\" class=\"size-medium wp-image-450\" src=\"http:\/\/xn--schtzenverein-weckhoven-epc.de\/wp-content\/uploads\/2016\/04\/DieterMollPr\u00e4sident-300x200.jpg\" alt=\"Pr\u00e4sident Dieter Moll\" width=\"300\" height=\"200\" srcset=\"https:\/\/xn--schtzenverein-weckhoven-epc.de\/wp-content\/uploads\/2016\/04\/DieterMollPr\u00e4sident-300x200.jpg 300w, https:\/\/xn--schtzenverein-weckhoven-epc.de\/wp-content\/uploads\/2016\/04\/DieterMollPr\u00e4sident-768x512.jpg 768w, https:\/\/xn--schtzenverein-weckhoven-epc.de\/wp-content\/uploads\/2016\/04\/DieterMollPr\u00e4sident-1024x683.jpg 1024w, https:\/\/xn--schtzenverein-weckhoven-epc.de\/wp-content\/uploads\/2016\/04\/DieterMollPr\u00e4sident-450x300.jpg 450w\" sizes=\"auto, (max-width: 300px) 100vw, 300px\" \/><\/a><figcaption id=\"caption-attachment-450\" class=\"wp-caption-text\">Pr\u00e4sident Dieter Moll<\/figcaption><\/figure>\n<p>Er \u00fcbernimmt das Amt von seinem Vorg\u00e4nger Dietmar Lenerz und ist auf der <a href=\"http:\/\/xn--schtzenverein-weckhoven-epc.de\/?p=453\">Voll- und Abrechnungsversammlung 2016<\/a> einstimmig von den Sch\u00fctzen gew\u00e4hlt worden. Dieter Moll ist 48 Jahre alt, verheiratet\u00a0und hat mit seiner Frau Sonja einen gemeinsamen Sohn. Er ist Inhaber des Malerbetriebs Loogen und war \u00a0unter Dietmar Lenerz bereis Vizepr\u00e4sident, bis er sich im Jahre 2006 selbstst\u00e4ndig machte und daher das Amt aufgab.<\/p>\n<p>Als sein Vorg\u00e4nger ihn 2014 um Hilfe bat, war Dieter Moll sofort wieder zur Stelle und unterst\u00fctzte den Vorstand des Vereins als 2. Schriftf\u00fchrer und Musikbeauftragter. So war es f\u00fcr Ihn auch eine Ehre die Nachfolge von Dietmar Lenerz anzutreten und er stellte sich der Versammlung am 20.11.2016 als Kandidat f\u00fcr das Amt des Pr\u00e4sidenten.<\/p>\n<p>&nbsp;<\/p>\n","protected":false},"excerpt":{"rendered":"<p>Dieter Moll ist der neue Pr\u00e4sident des Sch\u00fctzenvereins von 1863 Weckhoven e.V.. Er \u00fcbernimmt das Amt von seinem Vorg\u00e4nger Dietmar Lenerz und ist auf der Voll- und Abrechnungsversammlung 2016 einstimmig von den Sch\u00fctzen gew\u00e4hlt worden. Dieter Moll ist 48 Jahre alt, verheiratet\u00a0und hat mit seiner Frau Sonja einen gemeinsamen Sohn. Er ist Inhaber des Malerbetriebs Loogen und war \u00a0unter Dietmar Lenerz bereis Vizepr\u00e4sident, bis er sich im Jahre 2006 selbstst\u00e4ndig machte und daher das Amt aufgab. Als sein Vorg\u00e4nger ihn&#8230;<\/p>\n<p class=\"read-more\"><a class=\"btn btn-default\" href=\"https:\/\/xn--schtzenverein-weckhoven-epc.de\/?p=463\">Weiterlesen<span class=\"screen-reader-text\"> Weiterlesen<\/span><\/a><\/p>\n","protected":false},"author":2,"featured_media":0,"comment_status":"open","ping_status":"open","sticky":false,"template":"","format":"standard","meta":{"footnotes":""},"categories":[18],"tags":[],"class_list":["post-463","post","type-post","status-publish","format-standard","hentry","category-archiv-2016"],"_links":{"self":[{"href":"https:\/\/xn--schtzenverein-weckhoven-epc.de\/index.php?rest_route=\/wp\/v2\/posts\/463","targetHints":{"allow":["GET"]}}],"collection":[{"href":"https:\/\/xn--schtzenverein-weckhoven-epc.de\/index.php?rest_route=\/wp\/v2\/posts"}],"about":[{"href":"https:\/\/xn--schtzenverein-weckhoven-epc.de\/index.php?rest_route=\/wp\/v2\/types\/post"}],"author":[{"embeddable":true,"href":"https:\/\/xn--schtzenverein-weckhoven-epc.de\/index.php?rest_route=\/wp\/v2\/users\/2"}],"replies":[{"embeddable":true,"href":"https:\/\/xn--schtzenverein-weckhoven-epc.de\/index.php?rest_route=%2Fwp%2Fv2%2Fcomments&post=463"}],"version-history":[{"count":2,"href":"https:\/\/xn--schtzenverein-weckhoven-epc.de\/index.php?rest_route=\/wp\/v2\/posts\/463\/revisions"}],"predecessor-version":[{"id":646,"href":"https:\/\/xn--schtzenverein-weckhoven-epc.de\/index.php?rest_route=\/wp\/v2\/posts\/463\/revisions\/646"}],"wp:attachment":[{"href":"https:\/\/xn--schtzenverein-weckhoven-epc.de\/index.php?rest_route=%2Fwp%2Fv2%2Fmedia&parent=463"}],"wp:term":[{"taxonomy":"category","embeddable":true,"href":"https:\/\/xn--schtzenverein-weckhoven-epc.de\/index.php?rest_route=%2Fwp%2Fv2%2Fcategories&post=463"},{"taxonomy":"post_tag","embeddable":true,"href":"https:\/\/xn--schtzenverein-weckhoven-epc.de\/index.php?rest_route=%2Fwp%2Fv2%2Ftags&post=463"}],"curies":[{"name":"wp","href":"https:\/\/api.w.org\/{rel}","templated":true}]}}