{"id":410,"date":"2016-05-10T15:39:21","date_gmt":"2016-05-10T15:39:21","guid":{"rendered":"http:\/\/xn--schtzenverein-weckhoven-epc.de\/?p=410"},"modified":"2017-04-17T13:51:55","modified_gmt":"2017-04-17T13:51:55","slug":"25-jahre","status":"publish","type":"post","link":"https:\/\/xn--schtzenverein-weckhoven-epc.de\/?p=410","title":{"rendered":"25 Jahre"},"content":{"rendered":"<div id='gallery-1' class='gallery galleryid-410 gallery-columns-2 gallery-size-medium'><figure class='gallery-item'>\n\t\t\t<div class='gallery-icon portrait'>\n\t\t\t\t<a href='https:\/\/xn--schtzenverein-weckhoven-epc.de\/?attachment_id=412'><img loading=\"lazy\" decoding=\"async\" width=\"225\" height=\"300\" src=\"https:\/\/xn--schtzenverein-weckhoven-epc.de\/wp-content\/uploads\/2016\/05\/SAM_1975-e1462894476253-225x300.jpg\" class=\"attachment-medium size-medium\" alt=\"\" aria-describedby=\"gallery-1-412\" srcset=\"https:\/\/xn--schtzenverein-weckhoven-epc.de\/wp-content\/uploads\/2016\/05\/SAM_1975-e1462894476253-225x300.jpg 225w, https:\/\/xn--schtzenverein-weckhoven-epc.de\/wp-content\/uploads\/2016\/05\/SAM_1975-e1462894476253-768x1024.jpg 768w\" sizes=\"auto, (max-width: 225px) 100vw, 225px\" \/><\/a>\n\t\t\t<\/div>\n\t\t\t\t<figcaption class='wp-caption-text gallery-caption' id='gallery-1-412'>\n\t\t\t\tHermann Reinheime &#8211; Hubertushirsch\n\t\t\t\t<\/figcaption><\/figure><figure class='gallery-item'>\n\t\t\t<div class='gallery-icon portrait'>\n\t\t\t\t<a href='https:\/\/xn--schtzenverein-weckhoven-epc.de\/?attachment_id=411'><img loading=\"lazy\" decoding=\"async\" width=\"225\" height=\"300\" src=\"https:\/\/xn--schtzenverein-weckhoven-epc.de\/wp-content\/uploads\/2016\/05\/SAM_1968-e1462894455667-225x300.jpg\" class=\"attachment-medium size-medium\" alt=\"\" aria-describedby=\"gallery-1-411\" srcset=\"https:\/\/xn--schtzenverein-weckhoven-epc.de\/wp-content\/uploads\/2016\/05\/SAM_1968-e1462894455667-225x300.jpg 225w, https:\/\/xn--schtzenverein-weckhoven-epc.de\/wp-content\/uploads\/2016\/05\/SAM_1968-e1462894455667-768x1024.jpg 768w\" sizes=\"auto, (max-width: 225px) 100vw, 225px\" \/><\/a>\n\t\t\t<\/div>\n\t\t\t\t<figcaption class='wp-caption-text gallery-caption' id='gallery-1-411'>\n\t\t\t\tHerbert Bolten &#8211; Hubertusfahnenkorps\n\t\t\t\t<\/figcaption><\/figure><figure class='gallery-item'>\n\t\t\t<div class='gallery-icon portrait'>\n\t\t\t\t<a href='https:\/\/xn--schtzenverein-weckhoven-epc.de\/?attachment_id=413'><img loading=\"lazy\" decoding=\"async\" width=\"225\" height=\"300\" src=\"https:\/\/xn--schtzenverein-weckhoven-epc.de\/wp-content\/uploads\/2016\/05\/SAM_1983-e1462894503226-225x300.jpg\" class=\"attachment-medium size-medium\" alt=\"\" aria-describedby=\"gallery-1-413\" srcset=\"https:\/\/xn--schtzenverein-weckhoven-epc.de\/wp-content\/uploads\/2016\/05\/SAM_1983-e1462894503226-225x300.jpg 225w, https:\/\/xn--schtzenverein-weckhoven-epc.de\/wp-content\/uploads\/2016\/05\/SAM_1983-e1462894503226-768x1024.jpg 768w\" sizes=\"auto, (max-width: 225px) 100vw, 225px\" \/><\/a>\n\t\t\t<\/div>\n\t\t\t\t<figcaption class='wp-caption-text gallery-caption' id='gallery-1-413'>\n\t\t\t\tMichael Bilk &#8211; Mer sind Do (Grenadierkorps)\n\t\t\t\t<\/figcaption><\/figure><figure class='gallery-item'>\n\t\t\t<div class='gallery-icon portrait'>\n\t\t\t\t<a href='https:\/\/xn--schtzenverein-weckhoven-epc.de\/?attachment_id=414'><img loading=\"lazy\" decoding=\"async\" width=\"225\" height=\"300\" src=\"https:\/\/xn--schtzenverein-weckhoven-epc.de\/wp-content\/uploads\/2016\/05\/SAM_1927-225x300.jpg\" class=\"attachment-medium size-medium\" alt=\"\" aria-describedby=\"gallery-1-414\" srcset=\"https:\/\/xn--schtzenverein-weckhoven-epc.de\/wp-content\/uploads\/2016\/05\/SAM_1927-225x300.jpg 225w, https:\/\/xn--schtzenverein-weckhoven-epc.de\/wp-content\/uploads\/2016\/05\/SAM_1927-768x1024.jpg 768w\" sizes=\"auto, (max-width: 225px) 100vw, 225px\" \/><\/a>\n\t\t\t<\/div>\n\t\t\t\t<figcaption class='wp-caption-text gallery-caption' id='gallery-1-414'>\n\t\t\t\tLino De Donno &#8211; Sappeucorps\n\t\t\t\t<\/figcaption><\/figure>\n\t\t<\/div>\n\n<p>Ferner haben dieses Jahr Jubil\u00e4um:<\/p>\n<ul>\n<li>Stephan Salmen &#8211; Mer mache alles m\u00f6t (Scheibensch\u00fctzenkorps)<\/li>\n<li>Manuel Knuppertz &#8211; Artillerie<\/li>\n<\/ul>\n","protected":false},"excerpt":{"rendered":"<p>Ferner haben dieses Jahr Jubil\u00e4um: Stephan Salmen &#8211; Mer mache alles m\u00f6t (Scheibensch\u00fctzenkorps) Manuel Knuppertz &#8211; Artillerie<\/p>\n","protected":false},"author":2,"featured_media":0,"comment_status":"open","ping_status":"open","sticky":false,"template":"","format":"standard","meta":{"footnotes":""},"categories":[18],"tags":[],"class_list":["post-410","post","type-post","status-publish","format-standard","hentry","category-archiv-2016"],"_links":{"self":[{"href":"https:\/\/xn--schtzenverein-weckhoven-epc.de\/index.php?rest_route=\/wp\/v2\/posts\/410","targetHints":{"allow":["GET"]}}],"collection":[{"href":"https:\/\/xn--schtzenverein-weckhoven-epc.de\/index.php?rest_route=\/wp\/v2\/posts"}],"about":[{"href":"https:\/\/xn--schtzenverein-weckhoven-epc.de\/index.php?rest_route=\/wp\/v2\/types\/post"}],"author":[{"embeddable":true,"href":"https:\/\/xn--schtzenverein-weckhoven-epc.de\/index.php?rest_route=\/wp\/v2\/users\/2"}],"replies":[{"embeddable":true,"href":"https:\/\/xn--schtzenverein-weckhoven-epc.de\/index.php?rest_route=%2Fwp%2Fv2%2Fcomments&post=410"}],"version-history":[{"count":1,"href":"https:\/\/xn--schtzenverein-weckhoven-epc.de\/index.php?rest_route=\/wp\/v2\/posts\/410\/revisions"}],"predecessor-version":[{"id":415,"href":"https:\/\/xn--schtzenverein-weckhoven-epc.de\/index.php?rest_route=\/wp\/v2\/posts\/410\/revisions\/415"}],"wp:attachment":[{"href":"https:\/\/xn--schtzenverein-weckhoven-epc.de\/index.php?rest_route=%2Fwp%2Fv2%2Fmedia&parent=410"}],"wp:term":[{"taxonomy":"category","embeddable":true,"href":"https:\/\/xn--schtzenverein-weckhoven-epc.de\/index.php?rest_route=%2Fwp%2Fv2%2Fcategories&post=410"},{"taxonomy":"post_tag","embeddable":true,"href":"https:\/\/xn--schtzenverein-weckhoven-epc.de\/index.php?rest_route=%2Fwp%2Fv2%2Ftags&post=410"}],"curies":[{"name":"wp","href":"https:\/\/api.w.org\/{rel}","templated":true}]}}