{"id":1315,"date":"2021-05-24T17:49:44","date_gmt":"2021-05-24T15:49:44","guid":{"rendered":"http:\/\/xn--schtzenverein-weckhoven-epc.de\/?p=1315"},"modified":"2022-01-11T10:44:43","modified_gmt":"2022-01-11T08:44:43","slug":"plakataktion-der-grenadiere","status":"publish","type":"post","link":"https:\/\/xn--schtzenverein-weckhoven-epc.de\/?p=1315","title":{"rendered":"Plakataktion der Grenadiere"},"content":{"rendered":"\n<p>Auch in diesem Jahr musste das Sch\u00fctzenfest wegen Corona erneut abgesagt werden. Die Grenadiere freuen sich jedoch jetzt schon darauf, im n\u00e4chsten Jahr \u201eihr Sch\u00fctzenfest\u201c mit allen Weckhovenern gemeinsam feiern zu k\u00f6nnen. Diese Freude werden sie Anfang Juni auf einem Plakat an der Grevenbroicher Str. Ausdruck verleihen.<\/p>\n\n\n\n<p>Vielleicht gibt es aber auch schon fr\u00fcher was zu feiern! Denn statt einem Sch\u00fctzenfest plant der Sch\u00fctzenverein Weckhoven ein \u201eStaTTSch\u00fctzenfest\u201c am ersten Wochenende im Oktober mit Live-Band SCHROEDER.<br><\/p>\n\n\n\n<figure class=\"wp-block-image size-large is-style-default\"><img loading=\"lazy\" decoding=\"async\" width=\"800\" height=\"584\" src=\"https:\/\/xn--schtzenverein-weckhoven-epc.de\/wp-content\/uploads\/2021\/05\/Grenadiere.jpg\" alt=\"\" class=\"wp-image-1316\" srcset=\"https:\/\/xn--schtzenverein-weckhoven-epc.de\/wp-content\/uploads\/2021\/05\/Grenadiere.jpg 800w, https:\/\/xn--schtzenverein-weckhoven-epc.de\/wp-content\/uploads\/2021\/05\/Grenadiere-300x219.jpg 300w, https:\/\/xn--schtzenverein-weckhoven-epc.de\/wp-content\/uploads\/2021\/05\/Grenadiere-768x561.jpg 768w, https:\/\/xn--schtzenverein-weckhoven-epc.de\/wp-content\/uploads\/2021\/05\/Grenadiere-370x270.jpg 370w\" sizes=\"auto, (max-width: 800px) 100vw, 800px\" \/><\/figure>\n","protected":false},"excerpt":{"rendered":"<p>Auch in diesem Jahr musste das Sch\u00fctzenfest wegen Corona erneut abgesagt werden. Die Grenadiere freuen sich jedoch jetzt schon darauf, im n\u00e4chsten Jahr \u201eihr Sch\u00fctzenfest\u201c mit allen Weckhovenern gemeinsam feiern zu k\u00f6nnen. Diese Freude werden sie Anfang Juni auf einem Plakat an der Grevenbroicher Str. Ausdruck verleihen. Vielleicht gibt es aber auch schon fr\u00fcher was zu feiern! Denn statt einem Sch\u00fctzenfest plant der Sch\u00fctzenverein Weckhoven ein \u201eStaTTSch\u00fctzenfest\u201c am ersten Wochenende im Oktober mit Live-Band SCHROEDER.<\/p>\n","protected":false},"author":2,"featured_media":0,"comment_status":"closed","ping_status":"closed","sticky":false,"template":"","format":"standard","meta":{"footnotes":""},"categories":[28],"tags":[],"class_list":["post-1315","post","type-post","status-publish","format-standard","hentry","category-archiv-2021"],"_links":{"self":[{"href":"https:\/\/xn--schtzenverein-weckhoven-epc.de\/index.php?rest_route=\/wp\/v2\/posts\/1315","targetHints":{"allow":["GET"]}}],"collection":[{"href":"https:\/\/xn--schtzenverein-weckhoven-epc.de\/index.php?rest_route=\/wp\/v2\/posts"}],"about":[{"href":"https:\/\/xn--schtzenverein-weckhoven-epc.de\/index.php?rest_route=\/wp\/v2\/types\/post"}],"author":[{"embeddable":true,"href":"https:\/\/xn--schtzenverein-weckhoven-epc.de\/index.php?rest_route=\/wp\/v2\/users\/2"}],"replies":[{"embeddable":true,"href":"https:\/\/xn--schtzenverein-weckhoven-epc.de\/index.php?rest_route=%2Fwp%2Fv2%2Fcomments&post=1315"}],"version-history":[{"count":1,"href":"https:\/\/xn--schtzenverein-weckhoven-epc.de\/index.php?rest_route=\/wp\/v2\/posts\/1315\/revisions"}],"predecessor-version":[{"id":1317,"href":"https:\/\/xn--schtzenverein-weckhoven-epc.de\/index.php?rest_route=\/wp\/v2\/posts\/1315\/revisions\/1317"}],"wp:attachment":[{"href":"https:\/\/xn--schtzenverein-weckhoven-epc.de\/index.php?rest_route=%2Fwp%2Fv2%2Fmedia&parent=1315"}],"wp:term":[{"taxonomy":"category","embeddable":true,"href":"https:\/\/xn--schtzenverein-weckhoven-epc.de\/index.php?rest_route=%2Fwp%2Fv2%2Fcategories&post=1315"},{"taxonomy":"post_tag","embeddable":true,"href":"https:\/\/xn--schtzenverein-weckhoven-epc.de\/index.php?rest_route=%2Fwp%2Fv2%2Ftags&post=1315"}],"curies":[{"name":"wp","href":"https:\/\/api.w.org\/{rel}","templated":true}]}}