{"id":1309,"date":"2021-05-24T17:43:06","date_gmt":"2021-05-24T15:43:06","guid":{"rendered":"http:\/\/xn--schtzenverein-weckhoven-epc.de\/?p=1309"},"modified":"2022-01-11T10:45:02","modified_gmt":"2022-01-11T08:45:02","slug":"grusswort-zum-schuetzenfest","status":"publish","type":"post","link":"https:\/\/xn--schtzenverein-weckhoven-epc.de\/?p=1309","title":{"rendered":"Gru\u00dfwort zum \u201eSch\u00fctzenfest\u201c"},"content":{"rendered":"\n<p>Liebe Weckhovener, in den vergangenen 158 Jahren des Bestehens des Weckhovener Sch\u00fctzenvereins ist viel passiert. In dieser langen Zeit hat es immer wieder Ereignisse gegeben, die unsere Sch\u00fctzenfeste unm\u00f6glich gemacht haben. Man denke nur an die Jahre der beiden Weltkriege im letzten Jahrhundert. Und auch jetzt mussten wir aufgrund der Auswirkungen der Corona-Pandemie unser Sch\u00fctzenfest nach dem Vorjahr erneut absagen.<\/p>\n\n\n\n<p>Allerdings er\u00f6ffnet der Blick zur\u00fcck auch die Perspektive und Hoffnung im Blick in die Zukunft. Der Sch\u00fctzenverein und die Bewohner in unserem Ort haben sich nach Krisenzeiten stets umso freudiger wieder aufgemacht, die Gemeinschaft wieder aufleben zu lassen. Wir glauben, dass wir, die Menschen hier, nach Monaten der Selbstbeschr\u00e4nkung und der erzwungenen Einsamkeit wieder umso mehr Spa\u00df am Zusammenkommen und Feiern in unserem Ort haben.<\/p>\n\n\n\n<p>Vielleicht merken wir alle gerade jetzt, dass Chatrooms, Computerspiele und Web-Konferenzen kein ad\u00e4quater Ersatz f\u00fcr echte N\u00e4he sind. Dass N\u00e4he am einfachsten mit den Menschen zu erleben ist, mit denen man sich das tagt\u00e4gliche Lebensumfeld teilt. Zu dieser N\u00e4he z\u00e4hlen insbesondere auch die vielen Ereignisse, die in unserem Heimatort Weckhoven und unserer Heimatstadt Neuss im Laufe des Jahres stattfinden und zweifelsohne auch das Sch\u00fctzenfest in Weckhoven als H\u00f6hepunkt des Ortslebens in der Mitte jeden Jahres.<\/p>\n\n\n\n<div class=\"wp-block-group\"><div class=\"wp-block-group__inner-container is-layout-flow wp-block-group-is-layout-flow\">\n<div class=\"wp-block-image is-style-default\"><figure class=\"alignright size-large is-resized\"><img loading=\"lazy\" decoding=\"async\" src=\"https:\/\/xn--schtzenverein-weckhoven-epc.de\/wp-content\/uploads\/2021\/05\/Grusswort-zum-Schuetzenfest-768x1024.jpg\" alt=\"\" class=\"wp-image-1311\" width=\"222\" height=\"296\" srcset=\"https:\/\/xn--schtzenverein-weckhoven-epc.de\/wp-content\/uploads\/2021\/05\/Grusswort-zum-Schuetzenfest-768x1024.jpg 768w, https:\/\/xn--schtzenverein-weckhoven-epc.de\/wp-content\/uploads\/2021\/05\/Grusswort-zum-Schuetzenfest-225x300.jpg 225w, https:\/\/xn--schtzenverein-weckhoven-epc.de\/wp-content\/uploads\/2021\/05\/Grusswort-zum-Schuetzenfest-1152x1536.jpg 1152w, https:\/\/xn--schtzenverein-weckhoven-epc.de\/wp-content\/uploads\/2021\/05\/Grusswort-zum-Schuetzenfest-1536x2048.jpg 1536w, https:\/\/xn--schtzenverein-weckhoven-epc.de\/wp-content\/uploads\/2021\/05\/Grusswort-zum-Schuetzenfest-203x270.jpg 203w, https:\/\/xn--schtzenverein-weckhoven-epc.de\/wp-content\/uploads\/2021\/05\/Grusswort-zum-Schuetzenfest-scaled.jpg 1920w\" sizes=\"auto, (max-width: 222px) 100vw, 222px\" \/><\/figure><\/div>\n<\/div><\/div>\n\n\n\n<p>Der Sch\u00fctzenverein h\u00e4lt zusammen, das merken wir an den Mitgliederzahlen, die sich trotz Corona sehr positiv entwickeln. Hier zeigt sich, dass Zusammenhalt gerade in Krisenzeiten immer schon eine St\u00e4rke der Menschen war. Wenn die Situation es irgendwie sorgenfrei und ohne Auflagen zul\u00e4sst, wird der Sch\u00fctzenverein im Oktober eine erste Veranstaltung als \u201eStaTTsch\u00fctzenfest\u201c mit der Coverband SCHROEDER durchf\u00fchren, um Gemeinschaft wieder erlebbar zu machen.<\/p>\n\n\n\n<p>Wir sind aber auch optimistisch, dass wir alle 2022 gemeinsam wieder ein Sch\u00fctzenfest erleben d\u00fcrfen. Weckhoven braucht Tage, an denen nicht der Alltag, sondern Spa\u00df und Gemeinschaft das Leben bestimmen. In diesem Sinne, machen Sie \u2013 feiern Sie mit, entweder als Sch\u00fctze oder einfach als Weckhovener, wenn es wieder hei\u00dft \u201eEs ist Sch\u00fctzenfest!\u201c<\/p>\n\n\n\n<p>Dieter Moll und J\u00fcrgen Stellet<\/p>\n","protected":false},"excerpt":{"rendered":"<p>Liebe Weckhovener, in den vergangenen 158 Jahren des Bestehens des Weckhovener Sch\u00fctzenvereins ist viel passiert. In dieser langen Zeit hat es immer wieder Ereignisse gegeben, die unsere Sch\u00fctzenfeste unm\u00f6glich gemacht haben. Man denke nur an die Jahre der beiden Weltkriege im letzten Jahrhundert. Und auch jetzt mussten wir aufgrund der Auswirkungen der Corona-Pandemie unser Sch\u00fctzenfest nach dem Vorjahr erneut absagen. Allerdings er\u00f6ffnet der Blick zur\u00fcck auch die Perspektive und Hoffnung im Blick in die Zukunft. Der Sch\u00fctzenverein und die Bewohner&#8230;<\/p>\n<p class=\"read-more\"><a class=\"btn btn-default\" href=\"https:\/\/xn--schtzenverein-weckhoven-epc.de\/?p=1309\">Weiterlesen<span class=\"screen-reader-text\"> Weiterlesen<\/span><\/a><\/p>\n","protected":false},"author":2,"featured_media":0,"comment_status":"closed","ping_status":"closed","sticky":false,"template":"","format":"standard","meta":{"footnotes":""},"categories":[28],"tags":[],"class_list":["post-1309","post","type-post","status-publish","format-standard","hentry","category-archiv-2021"],"_links":{"self":[{"href":"https:\/\/xn--schtzenverein-weckhoven-epc.de\/index.php?rest_route=\/wp\/v2\/posts\/1309","targetHints":{"allow":["GET"]}}],"collection":[{"href":"https:\/\/xn--schtzenverein-weckhoven-epc.de\/index.php?rest_route=\/wp\/v2\/posts"}],"about":[{"href":"https:\/\/xn--schtzenverein-weckhoven-epc.de\/index.php?rest_route=\/wp\/v2\/types\/post"}],"author":[{"embeddable":true,"href":"https:\/\/xn--schtzenverein-weckhoven-epc.de\/index.php?rest_route=\/wp\/v2\/users\/2"}],"replies":[{"embeddable":true,"href":"https:\/\/xn--schtzenverein-weckhoven-epc.de\/index.php?rest_route=%2Fwp%2Fv2%2Fcomments&post=1309"}],"version-history":[{"count":3,"href":"https:\/\/xn--schtzenverein-weckhoven-epc.de\/index.php?rest_route=\/wp\/v2\/posts\/1309\/revisions"}],"predecessor-version":[{"id":1352,"href":"https:\/\/xn--schtzenverein-weckhoven-epc.de\/index.php?rest_route=\/wp\/v2\/posts\/1309\/revisions\/1352"}],"wp:attachment":[{"href":"https:\/\/xn--schtzenverein-weckhoven-epc.de\/index.php?rest_route=%2Fwp%2Fv2%2Fmedia&parent=1309"}],"wp:term":[{"taxonomy":"category","embeddable":true,"href":"https:\/\/xn--schtzenverein-weckhoven-epc.de\/index.php?rest_route=%2Fwp%2Fv2%2Fcategories&post=1309"},{"taxonomy":"post_tag","embeddable":true,"href":"https:\/\/xn--schtzenverein-weckhoven-epc.de\/index.php?rest_route=%2Fwp%2Fv2%2Ftags&post=1309"}],"curies":[{"name":"wp","href":"https:\/\/api.w.org\/{rel}","templated":true}]}}