{"id":1305,"date":"2021-04-29T09:56:15","date_gmt":"2021-04-29T07:56:15","guid":{"rendered":"http:\/\/xn--schtzenverein-weckhoven-epc.de\/?p=1305"},"modified":"2022-01-11T10:45:17","modified_gmt":"2022-01-11T08:45:17","slug":"weckhoven-anstatt-schuetzenfest-gibt-es-in-diesem-jahr-ein-stattschuetzenfest","status":"publish","type":"post","link":"https:\/\/xn--schtzenverein-weckhoven-epc.de\/?p=1305","title":{"rendered":"Weckhoven: <br \/>Anstatt Sch\u00fctzenfest <br \/>gibt es in diesem Jahr ein <br \/>StaTTsch\u00fctzenfest"},"content":{"rendered":"\n<p>Der Duft nach Mandeln und Zuckerwatte, die Musik auf den Stra\u00dfen von Weckhoven, das Treffen mit Nachbarn im Festzelt oder die Partynacht am Sch\u00fctzenfestmontag \u2013 das alles wird es in Weckhoven auch 2021 nicht geben.<\/p>\n\n\n\n<p>Schweren Herzens beschloss der Vorstand des Sch\u00fctzenvereins Weckhoven unter der Leitung von Pr\u00e4sident Dieter Moll dies in einer virtuellen Konferenz. Jedoch war den Majoren und dem Vorstand klar, dass zum \u00fcblichen Sch\u00fctzenfesttermin, Anfang Juni, die Corona-Situation noch nicht so weit entspannt sein wird, dass ein Sch\u00fctzenfest ernsthaft in Erw\u00e4gung gezogen werden kann. Neben dem Sch\u00fctzenfest entfallen auch der Oberstehrenabend und das j\u00e4hrliche K\u00f6nigsschie\u00dfen in diesem Jahr.<\/p>\n\n\n\n<div class=\"wp-block-image is-style-default\"><figure class=\"alignright size-large is-resized\"><img loading=\"lazy\" decoding=\"async\" src=\"https:\/\/xn--schtzenverein-weckhoven-epc.de\/wp-content\/uploads\/2021\/04\/w1200_h674_x600_y337_ad98c5dbc1db3bf9f96cc7f3f2c47750_edited_2526489149_e218416abd-0ae0f16a9aae16d2-2-1024x575.jpg\" alt=\"\" class=\"wp-image-1306\" width=\"283\" height=\"158\" srcset=\"https:\/\/xn--schtzenverein-weckhoven-epc.de\/wp-content\/uploads\/2021\/04\/w1200_h674_x600_y337_ad98c5dbc1db3bf9f96cc7f3f2c47750_edited_2526489149_e218416abd-0ae0f16a9aae16d2-2-1024x575.jpg 1024w, https:\/\/xn--schtzenverein-weckhoven-epc.de\/wp-content\/uploads\/2021\/04\/w1200_h674_x600_y337_ad98c5dbc1db3bf9f96cc7f3f2c47750_edited_2526489149_e218416abd-0ae0f16a9aae16d2-2-300x169.jpg 300w, https:\/\/xn--schtzenverein-weckhoven-epc.de\/wp-content\/uploads\/2021\/04\/w1200_h674_x600_y337_ad98c5dbc1db3bf9f96cc7f3f2c47750_edited_2526489149_e218416abd-0ae0f16a9aae16d2-2-768x431.jpg 768w, https:\/\/xn--schtzenverein-weckhoven-epc.de\/wp-content\/uploads\/2021\/04\/w1200_h674_x600_y337_ad98c5dbc1db3bf9f96cc7f3f2c47750_edited_2526489149_e218416abd-0ae0f16a9aae16d2-2-481x270.jpg 481w, https:\/\/xn--schtzenverein-weckhoven-epc.de\/wp-content\/uploads\/2021\/04\/w1200_h674_x600_y337_ad98c5dbc1db3bf9f96cc7f3f2c47750_edited_2526489149_e218416abd-0ae0f16a9aae16d2-2-1038x576.jpg 1038w, https:\/\/xn--schtzenverein-weckhoven-epc.de\/wp-content\/uploads\/2021\/04\/w1200_h674_x600_y337_ad98c5dbc1db3bf9f96cc7f3f2c47750_edited_2526489149_e218416abd-0ae0f16a9aae16d2-2.jpg 1200w\" sizes=\"auto, (max-width: 283px) 100vw, 283px\" \/><\/figure><\/div>\n\n\n\n<p>S\u00e4mtliche Vertragspartner werden oder wurden bereits telefonisch benachrichtigt. Alle haben sehr verst\u00e4ndnisvoll auf die Entscheidung reagiert, eint doch alle Sch\u00fctzen- und Musikvereine dieselbe problematische Situation und die Hoffnung auf eine positive Ver\u00e4nderung im Laufe des Jahres 2021.<\/p>\n\n\n\n<p>Wie ein Gedenken an verstorbene Sch\u00fctzen zum \u00fcblichen Sch\u00fctzenfesttermin am 12. Juni 2021 stattfinden kann, wird in Zusammenarbeit mit den zust\u00e4ndigen Beh\u00f6rden noch gekl\u00e4rt werden.<\/p>\n\n\n\n<p>Der Mitgliedsbeitrag des Sch\u00fctzenvereins Weckhoven f\u00fcr 2021 wurde drastisch reduziert. Dies und eine mit gro\u00dfer Hoffnung geplante Festlichkeit, die die Weckhovener Sch\u00fctzen am 1.Oktoberwochenende als \u201eStaTTsch\u00fctzenfest 2021\u201c feiern wollen, sollen den Zusammenhalt im Verein st\u00e4rken. Geplant ist ein Partyabend am 02.Oktober 2021 mit der Band Schroeder. F\u00fcr den morgendlichen Fr\u00fchschoppen am Sonntag hofft der Sch\u00fctzenverein die Sch\u00fctzenehrungen der letzten zwei Jahre vornehmen zu k\u00f6nnen.<\/p>\n","protected":false},"excerpt":{"rendered":"<p>Der Duft nach Mandeln und Zuckerwatte, die Musik auf den Stra\u00dfen von Weckhoven, das Treffen mit Nachbarn im Festzelt oder die Partynacht am Sch\u00fctzenfestmontag \u2013 das alles wird es in Weckhoven auch 2021 nicht geben. Schweren Herzens beschloss der Vorstand des Sch\u00fctzenvereins Weckhoven unter der Leitung von Pr\u00e4sident Dieter Moll dies in einer virtuellen Konferenz. Jedoch war den Majoren und dem Vorstand klar, dass zum \u00fcblichen Sch\u00fctzenfesttermin, Anfang Juni, die Corona-Situation noch nicht so weit entspannt sein wird, dass ein&#8230;<\/p>\n<p class=\"read-more\"><a class=\"btn btn-default\" href=\"https:\/\/xn--schtzenverein-weckhoven-epc.de\/?p=1305\">Weiterlesen<span class=\"screen-reader-text\"> Weiterlesen<\/span><\/a><\/p>\n","protected":false},"author":2,"featured_media":0,"comment_status":"closed","ping_status":"closed","sticky":false,"template":"","format":"standard","meta":{"footnotes":""},"categories":[28],"tags":[],"class_list":["post-1305","post","type-post","status-publish","format-standard","hentry","category-archiv-2021"],"_links":{"self":[{"href":"https:\/\/xn--schtzenverein-weckhoven-epc.de\/index.php?rest_route=\/wp\/v2\/posts\/1305","targetHints":{"allow":["GET"]}}],"collection":[{"href":"https:\/\/xn--schtzenverein-weckhoven-epc.de\/index.php?rest_route=\/wp\/v2\/posts"}],"about":[{"href":"https:\/\/xn--schtzenverein-weckhoven-epc.de\/index.php?rest_route=\/wp\/v2\/types\/post"}],"author":[{"embeddable":true,"href":"https:\/\/xn--schtzenverein-weckhoven-epc.de\/index.php?rest_route=\/wp\/v2\/users\/2"}],"replies":[{"embeddable":true,"href":"https:\/\/xn--schtzenverein-weckhoven-epc.de\/index.php?rest_route=%2Fwp%2Fv2%2Fcomments&post=1305"}],"version-history":[{"count":1,"href":"https:\/\/xn--schtzenverein-weckhoven-epc.de\/index.php?rest_route=\/wp\/v2\/posts\/1305\/revisions"}],"predecessor-version":[{"id":1307,"href":"https:\/\/xn--schtzenverein-weckhoven-epc.de\/index.php?rest_route=\/wp\/v2\/posts\/1305\/revisions\/1307"}],"wp:attachment":[{"href":"https:\/\/xn--schtzenverein-weckhoven-epc.de\/index.php?rest_route=%2Fwp%2Fv2%2Fmedia&parent=1305"}],"wp:term":[{"taxonomy":"category","embeddable":true,"href":"https:\/\/xn--schtzenverein-weckhoven-epc.de\/index.php?rest_route=%2Fwp%2Fv2%2Fcategories&post=1305"},{"taxonomy":"post_tag","embeddable":true,"href":"https:\/\/xn--schtzenverein-weckhoven-epc.de\/index.php?rest_route=%2Fwp%2Fv2%2Ftags&post=1305"}],"curies":[{"name":"wp","href":"https:\/\/api.w.org\/{rel}","templated":true}]}}