{"id":1291,"date":"2021-03-01T16:27:10","date_gmt":"2021-03-01T14:27:10","guid":{"rendered":"http:\/\/xn--schtzenverein-weckhoven-epc.de\/?p=1291"},"modified":"2022-01-11T10:45:28","modified_gmt":"2022-01-11T08:45:28","slug":"schuetzenverein-weckhoven-geht-weitere-schritte-auf-seinem-weg-zur-modernisierung-des-schuetzenwesens","status":"publish","type":"post","link":"https:\/\/xn--schtzenverein-weckhoven-epc.de\/?p=1291","title":{"rendered":"Sch\u00fctzenverein Weckhoven geht weitere Schritte auf seinem Weg zur Modernisierung des Sch\u00fctzenwesens"},"content":{"rendered":"\n<p>Der Sch\u00fctzenverein Weckhoven stellt sich nicht nur den Herausforderungen, die durch die Corona-Pandemie entstanden sind. Er richtet seinen Blick jetzt schon weiter nach vorne, in die Zeit nach Corona. Neben einem Arbeitskreis, der bereits weitreichende M\u00f6glichkeiten erarbeitet hat, das Sch\u00fctzenfest f\u00fcr Sch\u00fctzen und Weckhovener attraktiver zu gestalten, sind auch die Verj\u00fcngung der Jugendarbeit und die Forcierung der \u00d6ffentlichkeitsarbeit unter Einschluss von Social Media wie Facebook und Instagram wichtige Aktionsfelder, in denen man nun einen guten Schritt vorangekommen ist.<\/p>\n\n\n\n<p>Lange wurde der Jugendarbeitskreis (JAK) engagiert von Oberst Johannes Steinhauer und seinem Adjutanten Godehard Fesser betreut. Der JAK soll jungen Mitgliedern im Sch\u00fctzenverein eine Einfluss bei der Gestaltung des Vereins sichern und sie durch speziell auf Jugendliche ausgerichtete Aktivit\u00e4ten gleichzeitig an den Verein binden.<\/p>\n\n\n\n<p>Nun startet die 31-j\u00e4hrige <strong>Carina Runge<\/strong> als Jugendbetreuerin durch. Sie ist in einer Sch\u00fctzenfamilie gro\u00df geworden. Ihre Eltern Detlef und Annemarie Reinicke waren 1998 Sch\u00fctzenk\u00f6nigspaar in unserem Heimatort Weckhoven und haben ihr die Begeisterung f\u00fcr das Sch\u00fctzenwesen sozusagen mit auf den Weg gegeben. Aber nicht nur diese, sondern auch ihre Onkels und Cousins (Kalinowski) tragen hier eine gewisse \u201eMitschuld\u201c.<\/p>\n\n\n\n<div class=\"wp-block-image is-style-default\"><figure class=\"alignleft size-medium\"><img loading=\"lazy\" decoding=\"async\" width=\"266\" height=\"300\" src=\"https:\/\/xn--schtzenverein-weckhoven-epc.de\/wp-content\/uploads\/2021\/03\/Carina-Runge_klein-266x300.jpeg\" alt=\"\" class=\"wp-image-1294\" srcset=\"https:\/\/xn--schtzenverein-weckhoven-epc.de\/wp-content\/uploads\/2021\/03\/Carina-Runge_klein-266x300.jpeg 266w, https:\/\/xn--schtzenverein-weckhoven-epc.de\/wp-content\/uploads\/2021\/03\/Carina-Runge_klein-239x270.jpeg 239w, https:\/\/xn--schtzenverein-weckhoven-epc.de\/wp-content\/uploads\/2021\/03\/Carina-Runge_klein.jpeg 444w\" sizes=\"auto, (max-width: 266px) 100vw, 266px\" \/><figcaption>Carina Runge<\/figcaption><\/figure><\/div>\n\n\n\n<p>Carina Runge ist seit 2001 Mitglied im Bundesfanfarencorps. Hier hat sie mit einer Fanfare begonnen, aber nach 3 Jahren zur Trompete gewechselt. Bereits seit 2008 ist sie f\u00fcr das Bundesfanfarencorps als Jugendwart t\u00e4tig. Genauso lange ist sie auch Mitglied im JAK. Die medizinische Fachangestellte hat aber im Musikcorps nicht nur ihre Liebe zur Musik entdeckt. Tats\u00e4chlich lernte sie hier auch ihren Mann Christian Runge kennen und lieben. 2016 hat sie mit der Geburt ihres Sohnes Jonas auch schon einen wesentlichen Beitrag zum Nachwuchs im Weckhovener Sch\u00fctzenverein geleistet.<\/p>\n\n\n\n<p>Durch ihren fr\u00fchen Start im Sch\u00fctzenverein &#8211; sie wei\u00df wie es ist, als junger Jugendlicher im Sch\u00fctzenwesen mitzumachen \u2013 und den durch ihre jahrelange T\u00e4tigkeit im JAK bestehenden guten Draht zu den Jugendlichen ist sie die Richtige, um gemeinsam mit allen Jugendlichen und weiteren engagierten Sch\u00fctzen die Jugendarbeit des Sch\u00fctzenvereins nach vorne zu bringen.<\/p>\n\n\n\n<p>Auch in der \u00d6ffentlichkeitsarbeit ist es gelungen, die durch den Weggang von Pressewart Dominik R\u00f6sning entstandene L\u00fccke zu schlie\u00dfen. Neuer Mann ist der aktive Sch\u00fctzenk\u00f6nig <strong>Jonas Sickel<\/strong>. Der beruflich selbst\u00e4ndige IT-Berater bietet die besten Voraussetzungen, um insbesondere auch digitale Kommunikationskan\u00e4le und Social Media zu erschlie\u00dfen, um ein breiteres, eher jugendliches Publikum f\u00fcr den Sch\u00fctzenverein zu erschlie\u00dfen und die Wahrnehmung der Aktivit\u00e4ten des Vereins auch in diesem Umfeld zu verbessern. Gleichzeitig soll er durch eine aktive Pressearbeit dem Sch\u00fctzenverein Weckhoven auch in den klassischen Medien eine st\u00e4rkere Pr\u00e4senz sicherstellen.<\/p>\n\n\n\n<div class=\"wp-block-image is-style-default\"><figure class=\"alignright size-medium\"><img loading=\"lazy\" decoding=\"async\" width=\"232\" height=\"300\" src=\"https:\/\/xn--schtzenverein-weckhoven-epc.de\/wp-content\/uploads\/2021\/03\/Jonas-Sickel_klein-232x300.jpg\" alt=\"\" class=\"wp-image-1293\" srcset=\"https:\/\/xn--schtzenverein-weckhoven-epc.de\/wp-content\/uploads\/2021\/03\/Jonas-Sickel_klein-232x300.jpg 232w, https:\/\/xn--schtzenverein-weckhoven-epc.de\/wp-content\/uploads\/2021\/03\/Jonas-Sickel_klein-209x270.jpg 209w, https:\/\/xn--schtzenverein-weckhoven-epc.de\/wp-content\/uploads\/2021\/03\/Jonas-Sickel_klein.jpg 450w\" sizes=\"auto, (max-width: 232px) 100vw, 232px\" \/><figcaption>Jonas Sickel<\/figcaption><\/figure><\/div>\n\n\n\n<p>Der 1979 geborene Grefrather Jonas Sickel ist seit 1996 in Neuss als Marschierer beim Grenadierzug \u201eIn alter Frische\u201c mit dem Sch\u00fctzenwesen vertraut. Hier ist er seit 12 Jahren Oberleutnant. In der Weckhovener Sch\u00fctzenfamilie kommt er immerhin auf 13 aktive Jahre beim Scheibensch\u00fctzenzug \u201eErfttreu\u201c. Jonas Sickel heiratete 2017 mit Sonja Neis eine Weckhovenerin, deren Vater auch schon Mitmarschierer in den Reihen des Weckhovener Sch\u00fctzenregiments war. Auch die Beiden haben mit dem dreij\u00e4hrigen Sohn Mats schon ihren Teil zum Nachwuchs des Weckhovener Sch\u00fctzenvereins beigetragen.<\/p>\n\n\n\n<p>Die Weckhovener Sch\u00fctzen k\u00f6nnen also optimistisch in die Zukunft schauen. <strong>Alles wird gut!<\/strong><\/p>\n","protected":false},"excerpt":{"rendered":"<p>Der Sch\u00fctzenverein Weckhoven stellt sich nicht nur den Herausforderungen, die durch die Corona-Pandemie entstanden sind. Er richtet seinen Blick jetzt schon weiter nach vorne, in die Zeit nach Corona. Neben einem Arbeitskreis, der bereits weitreichende M\u00f6glichkeiten erarbeitet hat, das Sch\u00fctzenfest f\u00fcr Sch\u00fctzen und Weckhovener attraktiver zu gestalten, sind auch die Verj\u00fcngung der Jugendarbeit und die Forcierung der \u00d6ffentlichkeitsarbeit unter Einschluss von Social Media wie Facebook und Instagram wichtige Aktionsfelder, in denen man nun einen guten Schritt vorangekommen ist. Lange wurde&#8230;<\/p>\n<p class=\"read-more\"><a class=\"btn btn-default\" href=\"https:\/\/xn--schtzenverein-weckhoven-epc.de\/?p=1291\">Weiterlesen<span class=\"screen-reader-text\"> Weiterlesen<\/span><\/a><\/p>\n","protected":false},"author":2,"featured_media":0,"comment_status":"closed","ping_status":"closed","sticky":false,"template":"","format":"standard","meta":{"footnotes":""},"categories":[28],"tags":[],"class_list":["post-1291","post","type-post","status-publish","format-standard","hentry","category-archiv-2021"],"_links":{"self":[{"href":"https:\/\/xn--schtzenverein-weckhoven-epc.de\/index.php?rest_route=\/wp\/v2\/posts\/1291","targetHints":{"allow":["GET"]}}],"collection":[{"href":"https:\/\/xn--schtzenverein-weckhoven-epc.de\/index.php?rest_route=\/wp\/v2\/posts"}],"about":[{"href":"https:\/\/xn--schtzenverein-weckhoven-epc.de\/index.php?rest_route=\/wp\/v2\/types\/post"}],"author":[{"embeddable":true,"href":"https:\/\/xn--schtzenverein-weckhoven-epc.de\/index.php?rest_route=\/wp\/v2\/users\/2"}],"replies":[{"embeddable":true,"href":"https:\/\/xn--schtzenverein-weckhoven-epc.de\/index.php?rest_route=%2Fwp%2Fv2%2Fcomments&post=1291"}],"version-history":[{"count":2,"href":"https:\/\/xn--schtzenverein-weckhoven-epc.de\/index.php?rest_route=\/wp\/v2\/posts\/1291\/revisions"}],"predecessor-version":[{"id":1295,"href":"https:\/\/xn--schtzenverein-weckhoven-epc.de\/index.php?rest_route=\/wp\/v2\/posts\/1291\/revisions\/1295"}],"wp:attachment":[{"href":"https:\/\/xn--schtzenverein-weckhoven-epc.de\/index.php?rest_route=%2Fwp%2Fv2%2Fmedia&parent=1291"}],"wp:term":[{"taxonomy":"category","embeddable":true,"href":"https:\/\/xn--schtzenverein-weckhoven-epc.de\/index.php?rest_route=%2Fwp%2Fv2%2Fcategories&post=1291"},{"taxonomy":"post_tag","embeddable":true,"href":"https:\/\/xn--schtzenverein-weckhoven-epc.de\/index.php?rest_route=%2Fwp%2Fv2%2Ftags&post=1291"}],"curies":[{"name":"wp","href":"https:\/\/api.w.org\/{rel}","templated":true}]}}