{"id":1278,"date":"2020-12-14T14:09:42","date_gmt":"2020-12-14T12:09:42","guid":{"rendered":"http:\/\/xn--schtzenverein-weckhoven-epc.de\/?p=1278"},"modified":"2021-05-24T17:56:02","modified_gmt":"2021-05-24T15:56:02","slug":"weihnachtsgruss-2020","status":"publish","type":"post","link":"https:\/\/xn--schtzenverein-weckhoven-epc.de\/?p=1278","title":{"rendered":"Weihnachtsgru\u00df 2020"},"content":{"rendered":"\n<p>Liebe Sch\u00fctzen und Freunde des Sch\u00fctzenvereins Weckhoven,<br>die Gr\u00fc\u00dfe von Dieter Moll und J\u00fcrgen Stellet m\u00f6chten wir gerne mit Euch teilen.<br>Wir w\u00fcnschen Euch Frohe Weihnachten und bleibt gesund!<\/p>\n\n\n\n<p><\/p>\n\n\n\n<figure class=\"wp-block-image size-large\"><img loading=\"lazy\" decoding=\"async\" width=\"764\" height=\"1024\" src=\"https:\/\/xn--schtzenverein-weckhoven-epc.de\/wp-content\/uploads\/2020\/12\/schuetenfest-764x1024.jpg\" alt=\"\" class=\"wp-image-1281\" srcset=\"https:\/\/xn--schtzenverein-weckhoven-epc.de\/wp-content\/uploads\/2020\/12\/schuetenfest-764x1024.jpg 764w, https:\/\/xn--schtzenverein-weckhoven-epc.de\/wp-content\/uploads\/2020\/12\/schuetenfest-224x300.jpg 224w, https:\/\/xn--schtzenverein-weckhoven-epc.de\/wp-content\/uploads\/2020\/12\/schuetenfest-201x270.jpg 201w, https:\/\/xn--schtzenverein-weckhoven-epc.de\/wp-content\/uploads\/2020\/12\/schuetenfest.jpg 767w\" sizes=\"auto, (max-width: 764px) 100vw, 764px\" \/><\/figure>\n","protected":false},"excerpt":{"rendered":"<p>Liebe Sch\u00fctzen und Freunde des Sch\u00fctzenvereins Weckhoven,die Gr\u00fc\u00dfe von Dieter Moll und J\u00fcrgen Stellet m\u00f6chten wir gerne mit Euch teilen.Wir w\u00fcnschen Euch Frohe Weihnachten und bleibt gesund!<\/p>\n","protected":false},"author":2,"featured_media":0,"comment_status":"closed","ping_status":"closed","sticky":false,"template":"","format":"standard","meta":{"footnotes":""},"categories":[27],"tags":[],"class_list":["post-1278","post","type-post","status-publish","format-standard","hentry","category-archiv-2020"],"_links":{"self":[{"href":"https:\/\/xn--schtzenverein-weckhoven-epc.de\/index.php?rest_route=\/wp\/v2\/posts\/1278","targetHints":{"allow":["GET"]}}],"collection":[{"href":"https:\/\/xn--schtzenverein-weckhoven-epc.de\/index.php?rest_route=\/wp\/v2\/posts"}],"about":[{"href":"https:\/\/xn--schtzenverein-weckhoven-epc.de\/index.php?rest_route=\/wp\/v2\/types\/post"}],"author":[{"embeddable":true,"href":"https:\/\/xn--schtzenverein-weckhoven-epc.de\/index.php?rest_route=\/wp\/v2\/users\/2"}],"replies":[{"embeddable":true,"href":"https:\/\/xn--schtzenverein-weckhoven-epc.de\/index.php?rest_route=%2Fwp%2Fv2%2Fcomments&post=1278"}],"version-history":[{"count":3,"href":"https:\/\/xn--schtzenverein-weckhoven-epc.de\/index.php?rest_route=\/wp\/v2\/posts\/1278\/revisions"}],"predecessor-version":[{"id":1283,"href":"https:\/\/xn--schtzenverein-weckhoven-epc.de\/index.php?rest_route=\/wp\/v2\/posts\/1278\/revisions\/1283"}],"wp:attachment":[{"href":"https:\/\/xn--schtzenverein-weckhoven-epc.de\/index.php?rest_route=%2Fwp%2Fv2%2Fmedia&parent=1278"}],"wp:term":[{"taxonomy":"category","embeddable":true,"href":"https:\/\/xn--schtzenverein-weckhoven-epc.de\/index.php?rest_route=%2Fwp%2Fv2%2Fcategories&post=1278"},{"taxonomy":"post_tag","embeddable":true,"href":"https:\/\/xn--schtzenverein-weckhoven-epc.de\/index.php?rest_route=%2Fwp%2Fv2%2Ftags&post=1278"}],"curies":[{"name":"wp","href":"https:\/\/api.w.org\/{rel}","templated":true}]}}