{"id":1272,"date":"2020-04-23T05:19:09","date_gmt":"2020-04-23T03:19:09","guid":{"rendered":"http:\/\/xn--schtzenverein-weckhoven-epc.de\/?p=1272"},"modified":"2021-05-24T17:55:23","modified_gmt":"2021-05-24T15:55:23","slug":"schuetzenverein-weckhoven-haelt-auch-in-schwierigen-zeiten-zusammen","status":"publish","type":"post","link":"https:\/\/xn--schtzenverein-weckhoven-epc.de\/?p=1272","title":{"rendered":"Sch\u00fctzenverein Weckhoven h\u00e4lt auch in schwierigen Zeiten zusammen"},"content":{"rendered":"\n<p><em>Das Weckhovener Sch\u00fctzenfest findet aufgrund des bestehenden Verbotes von Veranstaltungen in 2020 nicht statt. Diese Entscheidung &nbsp;musste der erweiterte Vorstand des Sch\u00fctzenvereins von 1863 Weckhoven bei einem Webmeeting am 21.04.2020 schweren Herzens akzeptieren. &nbsp;<\/em><\/p>\n\n\n\n<p><em>Bereits in den vergangenen Wochen hatte sich der Sch\u00fctzenverein auf eine erwartete Absage vorbereitet und alle Bem\u00fchungen unternommen, in Gespr\u00e4chen mit Musikkapellen, Zeltwirt, Brauerei, Versicherung und Dienstleistern die finanziellen Verpflichtungen in 2020 auf ein Minimum zu reduzieren. \u00a0Dies ist weitestgehend gelungen<\/em>.<\/p>\n\n\n\n<p><em>F\u00fcr das partnerschaftliche Entgegenkommen m\u00f6chte der Sch\u00fctzenverein auf diesem Wege all seinen Partnern ganz herzlich danken.<\/em><\/p>\n\n\n\n<p><em>Hinzu kommt, dass durch direkte Ansprache der Sch\u00fctzenz\u00fcge \u00fcber die Korpsf\u00fchrungen der kameradschaftliche Geist der Sch\u00fctzen beschworen werden konnte und der Zusammenhalt des Vereins auch \u00fcber das Jahr 2020 hinaus sichergestellt ist. Die Mitgliederzahl ist in diesem Jahr ann\u00e4hernd unver\u00e4ndert. Das Corona-Jahr 2020 hat dem Verein nicht geschadet, sondern eher klar werden lassen, wieviel Gemeinschaft im Sch\u00fctzenverein und im Ort Weckhoven allen Sch\u00fctzen wirklich wert ist.<\/em><\/p>\n\n\n\n<p><em>Der gesamte Vorstand freut sich daher umso mehr im n\u00e4chsten Jahr gemeinsam mit allen Mitgliedern und Partnern wieder ein sch\u00f6nes Fest feiern zu k\u00f6nnen.<\/em><\/p>\n","protected":false},"excerpt":{"rendered":"<p>Das Weckhovener Sch\u00fctzenfest findet aufgrund des bestehenden Verbotes von Veranstaltungen in 2020 nicht statt. Diese Entscheidung &nbsp;musste der erweiterte Vorstand des Sch\u00fctzenvereins von 1863 Weckhoven bei einem Webmeeting am 21.04.2020 schweren Herzens akzeptieren. &nbsp; Bereits in den vergangenen Wochen hatte sich der Sch\u00fctzenverein auf eine erwartete Absage vorbereitet und alle Bem\u00fchungen unternommen, in Gespr\u00e4chen mit Musikkapellen, Zeltwirt, Brauerei, Versicherung und Dienstleistern die finanziellen Verpflichtungen in 2020 auf ein Minimum zu reduzieren. \u00a0Dies ist weitestgehend gelungen. F\u00fcr das partnerschaftliche Entgegenkommen m\u00f6chte&#8230;<\/p>\n<p class=\"read-more\"><a class=\"btn btn-default\" href=\"https:\/\/xn--schtzenverein-weckhoven-epc.de\/?p=1272\">Weiterlesen<span class=\"screen-reader-text\"> Weiterlesen<\/span><\/a><\/p>\n","protected":false},"author":2,"featured_media":0,"comment_status":"closed","ping_status":"closed","sticky":false,"template":"","format":"standard","meta":{"footnotes":""},"categories":[27],"tags":[],"class_list":["post-1272","post","type-post","status-publish","format-standard","hentry","category-archiv-2020"],"_links":{"self":[{"href":"https:\/\/xn--schtzenverein-weckhoven-epc.de\/index.php?rest_route=\/wp\/v2\/posts\/1272","targetHints":{"allow":["GET"]}}],"collection":[{"href":"https:\/\/xn--schtzenverein-weckhoven-epc.de\/index.php?rest_route=\/wp\/v2\/posts"}],"about":[{"href":"https:\/\/xn--schtzenverein-weckhoven-epc.de\/index.php?rest_route=\/wp\/v2\/types\/post"}],"author":[{"embeddable":true,"href":"https:\/\/xn--schtzenverein-weckhoven-epc.de\/index.php?rest_route=\/wp\/v2\/users\/2"}],"replies":[{"embeddable":true,"href":"https:\/\/xn--schtzenverein-weckhoven-epc.de\/index.php?rest_route=%2Fwp%2Fv2%2Fcomments&post=1272"}],"version-history":[{"count":1,"href":"https:\/\/xn--schtzenverein-weckhoven-epc.de\/index.php?rest_route=\/wp\/v2\/posts\/1272\/revisions"}],"predecessor-version":[{"id":1273,"href":"https:\/\/xn--schtzenverein-weckhoven-epc.de\/index.php?rest_route=\/wp\/v2\/posts\/1272\/revisions\/1273"}],"wp:attachment":[{"href":"https:\/\/xn--schtzenverein-weckhoven-epc.de\/index.php?rest_route=%2Fwp%2Fv2%2Fmedia&parent=1272"}],"wp:term":[{"taxonomy":"category","embeddable":true,"href":"https:\/\/xn--schtzenverein-weckhoven-epc.de\/index.php?rest_route=%2Fwp%2Fv2%2Fcategories&post=1272"},{"taxonomy":"post_tag","embeddable":true,"href":"https:\/\/xn--schtzenverein-weckhoven-epc.de\/index.php?rest_route=%2Fwp%2Fv2%2Ftags&post=1272"}],"curies":[{"name":"wp","href":"https:\/\/api.w.org\/{rel}","templated":true}]}}