{"id":1172,"date":"2019-05-05T09:23:56","date_gmt":"2019-05-05T07:23:56","guid":{"rendered":"http:\/\/xn--schtzenverein-weckhoven-epc.de\/?p=1172"},"modified":"2024-03-22T10:36:18","modified_gmt":"2024-03-22T08:36:18","slug":"schuetzenkoenigspaar","status":"publish","type":"post","link":"https:\/\/xn--schtzenverein-weckhoven-epc.de\/?p=1172","title":{"rendered":"Sch\u00fctzenk\u00f6nigspaar"},"content":{"rendered":"\n<p>Weckhoven hat einen neuen Sch\u00fctzenk\u00f6nig! Jonas und Sonja Sickel l\u00f6sen Thomas und Conny Rei\u00df als K\u00f6nigspaar des Sch\u00fctzenvereins von 1863 Weckhoven e.V. ab.<\/p>\n\n\n\n<p>Der vierzig Jahre alte selbstst\u00e4ndige EDV-Berater betreut gr\u00f6\u00dftenteils das Dokumentenmanagement mittelst\u00e4ndiger Unternehmen und ist seit knapp zwei Jahren mit seiner Frau Sonja \u2013 geborene Neis \u2013 verheiratet. Gemeinsam haben sie einen einj\u00e4hrigen Sohn und wohnen in Neuss-Grefrath.<\/p>\n\n\n\n<p>Ihre Majest\u00e4t, welche als Inhaberin des Gesch\u00e4fts \u201eGl\u00fccksklee\u201c selbsthergestellte individuelle Geschenkideen anbietet, ist geb\u00fcrtige Weckhovenerin und freut sich in diesem Jahr gemeinsam mit ihrem Mann h\u00f6chste Repr\u00e4sentanten ihres Heimatortes zu sein. Ihr Vater Hubert Neis, der gleichzeitig Standartentr\u00e4ger des K\u00f6nigspaars ist, war lange Zeit selbst im Sch\u00fctzenverein Weckhoven aktiv &#8211; unter anderem 6 Jahre als Hauptmann der Grenadiere.<\/p>\n\n\n\n<p>Jonas Sickel ist seit 13 Jahren Mitglied im Scheibensch\u00fctzenzug \u201eErfttreu\u201c und m\u00f6chte mit der Sch\u00fctzenk\u00f6nigsw\u00fcrde dem 25-j\u00e4hrigen Zugjubil\u00e4um die Krone aufsetzen, nachdem sich Zugkamerad Ren\u00e9 Deu\u00df schon die W\u00fcrde des Korpsk\u00f6nigs der Scheibensch\u00fctzen sichern konnte. Seit 1996 nimmt Jonas auch am Neusser Sch\u00fctzenfest als Mitglied des Grenadierzugs \u201eIn alter Frische\u201c, deren Oberleutnant er zurzeit ist, teil.&nbsp;<\/p>\n\n\n\n<p>Im Hinblick auf das bevorstehende K\u00f6nigsjahr freuen sich die jungen Eltern insbesondere auf die Kinderbelustigung am Sch\u00fctzenfestmontag und den Kindergartenumzug zur Fester\u00f6ffnung am Sch\u00fctzenfestsamstag. Der feste Programmpunkt in Weckhoven erfreut sich in den letzten Jahren steigender Beliebtheit. In diesem Jahr baut der veranstaltende Kindergarten sogar eine echte K\u00f6nigsresidenz auf.<\/p>\n\n\n\n<p>Wir w\u00fcnschen dem neuen Sch\u00fctzenk\u00f6nigspaar Jonas und Sonja alles Gute, ein ereignisreiches Sch\u00fctzenfest 2019 und ein unvergessliches Regierungsjahr!<\/p>\n\n\n\n<figure class=\"wp-block-image\"><a href=\"http:\/\/xn--schtzenverein-weckhoven-epc.de\/wp-content\/uploads\/2019\/05\/Sch\u00fctzenk\u00f6nigspaar-Jonas-und-Sonja-Sickel-e1557048314904.jpg\" target=\"_blank\" rel=\"noreferrer noopener\"><img loading=\"lazy\" decoding=\"async\" width=\"768\" height=\"1024\" src=\"http:\/\/xn--schtzenverein-weckhoven-epc.de\/wp-content\/uploads\/2019\/05\/Sch\u00fctzenk\u00f6nigspaar-Jonas-und-Sonja-Sickel-e1557048314904-768x1024.jpg\" alt=\"\" class=\"wp-image-1174\" srcset=\"https:\/\/xn--schtzenverein-weckhoven-epc.de\/wp-content\/uploads\/2019\/05\/Sch\u00fctzenk\u00f6nigspaar-Jonas-und-Sonja-Sickel-e1557048314904-768x1024.jpg 768w, https:\/\/xn--schtzenverein-weckhoven-epc.de\/wp-content\/uploads\/2019\/05\/Sch\u00fctzenk\u00f6nigspaar-Jonas-und-Sonja-Sickel-e1557048314904-225x300.jpg 225w, https:\/\/xn--schtzenverein-weckhoven-epc.de\/wp-content\/uploads\/2019\/05\/Sch\u00fctzenk\u00f6nigspaar-Jonas-und-Sonja-Sickel-e1557048314904-203x270.jpg 203w\" sizes=\"auto, (max-width: 768px) 100vw, 768px\" \/><\/a><figcaption>Jonas und Sonja Sickel<\/figcaption><\/figure>\n","protected":false},"excerpt":{"rendered":"<p>Weckhoven hat einen neuen Sch\u00fctzenk\u00f6nig! Jonas und Sonja Sickel l\u00f6sen Thomas und Conny Rei\u00df als K\u00f6nigspaar des Sch\u00fctzenvereins von 1863 Weckhoven e.V. ab. Der vierzig Jahre alte selbstst\u00e4ndige EDV-Berater betreut gr\u00f6\u00dftenteils das Dokumentenmanagement mittelst\u00e4ndiger Unternehmen und ist seit knapp zwei Jahren mit seiner Frau Sonja \u2013 geborene Neis \u2013 verheiratet. Gemeinsam haben sie einen einj\u00e4hrigen Sohn und wohnen in Neuss-Grefrath. Ihre Majest\u00e4t, welche als Inhaberin des Gesch\u00e4fts \u201eGl\u00fccksklee\u201c selbsthergestellte individuelle Geschenkideen anbietet, ist geb\u00fcrtige Weckhovenerin und freut sich in diesem&#8230;<\/p>\n<p class=\"read-more\"><a class=\"btn btn-default\" href=\"https:\/\/xn--schtzenverein-weckhoven-epc.de\/?p=1172\">Weiterlesen<span class=\"screen-reader-text\"> Weiterlesen<\/span><\/a><\/p>\n","protected":false},"author":2,"featured_media":0,"comment_status":"closed","ping_status":"closed","sticky":false,"template":"","format":"standard","meta":{"footnotes":""},"categories":[26],"tags":[],"class_list":["post-1172","post","type-post","status-publish","format-standard","hentry","category-archiv-2019"],"_links":{"self":[{"href":"https:\/\/xn--schtzenverein-weckhoven-epc.de\/index.php?rest_route=\/wp\/v2\/posts\/1172","targetHints":{"allow":["GET"]}}],"collection":[{"href":"https:\/\/xn--schtzenverein-weckhoven-epc.de\/index.php?rest_route=\/wp\/v2\/posts"}],"about":[{"href":"https:\/\/xn--schtzenverein-weckhoven-epc.de\/index.php?rest_route=\/wp\/v2\/types\/post"}],"author":[{"embeddable":true,"href":"https:\/\/xn--schtzenverein-weckhoven-epc.de\/index.php?rest_route=\/wp\/v2\/users\/2"}],"replies":[{"embeddable":true,"href":"https:\/\/xn--schtzenverein-weckhoven-epc.de\/index.php?rest_route=%2Fwp%2Fv2%2Fcomments&post=1172"}],"version-history":[{"count":3,"href":"https:\/\/xn--schtzenverein-weckhoven-epc.de\/index.php?rest_route=\/wp\/v2\/posts\/1172\/revisions"}],"predecessor-version":[{"id":1177,"href":"https:\/\/xn--schtzenverein-weckhoven-epc.de\/index.php?rest_route=\/wp\/v2\/posts\/1172\/revisions\/1177"}],"wp:attachment":[{"href":"https:\/\/xn--schtzenverein-weckhoven-epc.de\/index.php?rest_route=%2Fwp%2Fv2%2Fmedia&parent=1172"}],"wp:term":[{"taxonomy":"category","embeddable":true,"href":"https:\/\/xn--schtzenverein-weckhoven-epc.de\/index.php?rest_route=%2Fwp%2Fv2%2Fcategories&post=1172"},{"taxonomy":"post_tag","embeddable":true,"href":"https:\/\/xn--schtzenverein-weckhoven-epc.de\/index.php?rest_route=%2Fwp%2Fv2%2Ftags&post=1172"}],"curies":[{"name":"wp","href":"https:\/\/api.w.org\/{rel}","templated":true}]}}