{"id":1165,"date":"2019-05-05T09:08:51","date_gmt":"2019-05-05T07:08:51","guid":{"rendered":"http:\/\/xn--schtzenverein-weckhoven-epc.de\/?p=1165"},"modified":"2024-03-22T10:36:23","modified_gmt":"2024-03-22T08:36:23","slug":"jungschuetzenkoenig-3","status":"publish","type":"post","link":"https:\/\/xn--schtzenverein-weckhoven-epc.de\/?p=1165","title":{"rendered":"Jungsch\u00fctzenk\u00f6nig"},"content":{"rendered":"\n<p>Norman Piel aus dem Bundesfanfarencorps St. Paulus ist neuer Jungsch\u00fctzenk\u00f6nig des Sch\u00fctzenvereins Weckhoven. Mit dem 44. Schuss besiegte der 23-j\u00e4hrige Systemtechniker den Holzvogel auf dem Hochstand des Engels.<\/p>\n\n\n\n<p>Norman und seine Lebensgef\u00e4hrtin Nadja Schroth, welche ebenfalls Mitglied im Bundesfanfarencorps St. Paulus ist, sind Eltern einer 20 Monate alten Tochter und erwarten gemeinsam ein weiteres Kind.<\/p>\n\n\n\n<p>Neben der Mitgliedschaft im Weckhovener Fanfarencorps spielt der neue Jungsch\u00fctzenk\u00f6nig auch im Further Fanfarencorps mit. Zu seinem weiteren Hobby z\u00e4hlt das Schrauben an Motorr\u00e4dern.<\/p>\n\n\n\n<p>Ritter:<\/p>\n\n\n\n<ul class=\"wp-block-list\"><li>&#8211; \u00a0Kopf: Marco B\u00f6lling, Gildezug Heidehirsch, 6. Schuss<\/li><li>&#8211; \u00a0Rechter Fl\u00fcgel: Rene Adolfs, Gildefahnenzug Gute Kameraden, 1. Schuss<\/li><li>&#8211; \u00a0Linker Fl\u00fcgel: Maximilian Klaus, Bundesfanfarencorps St. Paulus, 25. Schuss<\/li><li>&#8211; \u00a0Schweif: Tamara Kalinowksi, Bundesfanfarencorps St. Paulus, 7. Schuss<\/li><\/ul>\n\n\n\n<hr class=\"wp-block-separator\"\/>\n\n\n\n<figure class=\"wp-block-image\"><a href=\"http:\/\/xn--schtzenverein-weckhoven-epc.de\/wp-content\/uploads\/2019\/05\/Jungsch\u00fctzenk\u00f6nig-Normal-Piel.jpg\" target=\"_blank\" rel=\"noreferrer noopener\"><img loading=\"lazy\" decoding=\"async\" width=\"768\" height=\"1024\" src=\"http:\/\/xn--schtzenverein-weckhoven-epc.de\/wp-content\/uploads\/2019\/05\/Jungsch\u00fctzenk\u00f6nig-Normal-Piel-768x1024.jpg\" alt=\"\" class=\"wp-image-1160\" srcset=\"https:\/\/xn--schtzenverein-weckhoven-epc.de\/wp-content\/uploads\/2019\/05\/Jungsch\u00fctzenk\u00f6nig-Normal-Piel-768x1024.jpg 768w, https:\/\/xn--schtzenverein-weckhoven-epc.de\/wp-content\/uploads\/2019\/05\/Jungsch\u00fctzenk\u00f6nig-Normal-Piel-225x300.jpg 225w, https:\/\/xn--schtzenverein-weckhoven-epc.de\/wp-content\/uploads\/2019\/05\/Jungsch\u00fctzenk\u00f6nig-Normal-Piel-203x270.jpg 203w\" sizes=\"auto, (max-width: 768px) 100vw, 768px\" \/><\/a><figcaption>Norman Piel<\/figcaption><\/figure>\n","protected":false},"excerpt":{"rendered":"<p>Norman Piel aus dem Bundesfanfarencorps St. Paulus ist neuer Jungsch\u00fctzenk\u00f6nig des Sch\u00fctzenvereins Weckhoven. Mit dem 44. Schuss besiegte der 23-j\u00e4hrige Systemtechniker den Holzvogel auf dem Hochstand des Engels. Norman und seine Lebensgef\u00e4hrtin Nadja Schroth, welche ebenfalls Mitglied im Bundesfanfarencorps St. Paulus ist, sind Eltern einer 20 Monate alten Tochter und erwarten gemeinsam ein weiteres Kind. Neben der Mitgliedschaft im Weckhovener Fanfarencorps spielt der neue Jungsch\u00fctzenk\u00f6nig auch im Further Fanfarencorps mit. Zu seinem weiteren Hobby z\u00e4hlt das Schrauben an Motorr\u00e4dern. Ritter:&#8230;<\/p>\n<p class=\"read-more\"><a class=\"btn btn-default\" href=\"https:\/\/xn--schtzenverein-weckhoven-epc.de\/?p=1165\">Weiterlesen<span class=\"screen-reader-text\"> Weiterlesen<\/span><\/a><\/p>\n","protected":false},"author":2,"featured_media":0,"comment_status":"closed","ping_status":"closed","sticky":false,"template":"","format":"standard","meta":{"footnotes":""},"categories":[26],"tags":[],"class_list":["post-1165","post","type-post","status-publish","format-standard","hentry","category-archiv-2019"],"_links":{"self":[{"href":"https:\/\/xn--schtzenverein-weckhoven-epc.de\/index.php?rest_route=\/wp\/v2\/posts\/1165","targetHints":{"allow":["GET"]}}],"collection":[{"href":"https:\/\/xn--schtzenverein-weckhoven-epc.de\/index.php?rest_route=\/wp\/v2\/posts"}],"about":[{"href":"https:\/\/xn--schtzenverein-weckhoven-epc.de\/index.php?rest_route=\/wp\/v2\/types\/post"}],"author":[{"embeddable":true,"href":"https:\/\/xn--schtzenverein-weckhoven-epc.de\/index.php?rest_route=\/wp\/v2\/users\/2"}],"replies":[{"embeddable":true,"href":"https:\/\/xn--schtzenverein-weckhoven-epc.de\/index.php?rest_route=%2Fwp%2Fv2%2Fcomments&post=1165"}],"version-history":[{"count":4,"href":"https:\/\/xn--schtzenverein-weckhoven-epc.de\/index.php?rest_route=\/wp\/v2\/posts\/1165\/revisions"}],"predecessor-version":[{"id":1186,"href":"https:\/\/xn--schtzenverein-weckhoven-epc.de\/index.php?rest_route=\/wp\/v2\/posts\/1165\/revisions\/1186"}],"wp:attachment":[{"href":"https:\/\/xn--schtzenverein-weckhoven-epc.de\/index.php?rest_route=%2Fwp%2Fv2%2Fmedia&parent=1165"}],"wp:term":[{"taxonomy":"category","embeddable":true,"href":"https:\/\/xn--schtzenverein-weckhoven-epc.de\/index.php?rest_route=%2Fwp%2Fv2%2Fcategories&post=1165"},{"taxonomy":"post_tag","embeddable":true,"href":"https:\/\/xn--schtzenverein-weckhoven-epc.de\/index.php?rest_route=%2Fwp%2Fv2%2Ftags&post=1165"}],"curies":[{"name":"wp","href":"https:\/\/api.w.org\/{rel}","templated":true}]}}