{"id":1163,"date":"2019-05-05T09:07:55","date_gmt":"2019-05-05T07:07:55","guid":{"rendered":"http:\/\/xn--schtzenverein-weckhoven-epc.de\/?p=1163"},"modified":"2024-03-22T10:36:30","modified_gmt":"2024-03-22T08:36:30","slug":"schuelerkoenig","status":"publish","type":"post","link":"https:\/\/xn--schtzenverein-weckhoven-epc.de\/?p=1163","title":{"rendered":"Sch\u00fclerk\u00f6nig"},"content":{"rendered":"\n<p>Beim Schie\u00dfen der Sch\u00fcler am 04.05.2019 in der Gastst\u00e4tte \u201eAlte Post\u201c konnte sich Can Tonn aus dem Artilleriecorps gegen seine Mitstreiter durchsetzen und holte mit dem 26. Schuss den Vogel von der Stange.<\/p>\n\n\n\n<p>Can besucht die sechste Klasse der Gesamtschule an der Erft. Als Lieblingsfach nennt er den Sportunterricht. Diese Sportlichkeit spiegelt sich auch in seinen weiteren Hobbies wider, denn neben der Mitgliedschaft im Sch\u00fctzenverein spielt der frisch gebackene Sch\u00fclerk\u00f6nig im linken Mittelfeld des TuS Reuschenberg.<\/p>\n\n\n\n<p>Can hat zwei Br\u00fcder und eine Schwester, beide Elternteile sind selbst Mitglied im Reitercorps Weckhoven. Eine erfolgreiche Sch\u00fctzenkarriere scheint begonnen zu haben.<\/p>\n\n\n\n<p>Ritter:<\/p>\n\n\n\n<ul class=\"wp-block-list\"><li>&#8211; &nbsp;Kopf: Tim Kalinowski, Bundesfanfarencorps St. Paulus, 32. Schuss<\/li><li>&#8211; &nbsp;Rechter Fl\u00fcgel: Jonas Grundmann, Bundesfanfarencorps St. Paulus, 6. Schuss<\/li><li>&#8211; &nbsp;Linker Fl\u00fcgel: Phillip Szlaski, Gildezug Heidehirsch, 41. Schuss<\/li><li>&#8211; &nbsp;Schweif, Max Thiele, Bundesfanfarencorps St. Paulus, 5. Schuss<\/li><\/ul>\n\n\n\n<hr class=\"wp-block-separator\"\/>\n\n\n\n<figure class=\"wp-block-image\"><a href=\"http:\/\/xn--schtzenverein-weckhoven-epc.de\/wp-content\/uploads\/2019\/05\/Sch\u00fclerk\u00f6nig-Can-Tonn.jpg\" target=\"_blank\" rel=\"noreferrer noopener\"><img loading=\"lazy\" decoding=\"async\" width=\"768\" height=\"1024\" src=\"http:\/\/xn--schtzenverein-weckhoven-epc.de\/wp-content\/uploads\/2019\/05\/Sch\u00fclerk\u00f6nig-Can-Tonn-768x1024.jpg\" alt=\"\" class=\"wp-image-1161\" srcset=\"https:\/\/xn--schtzenverein-weckhoven-epc.de\/wp-content\/uploads\/2019\/05\/Sch\u00fclerk\u00f6nig-Can-Tonn-768x1024.jpg 768w, https:\/\/xn--schtzenverein-weckhoven-epc.de\/wp-content\/uploads\/2019\/05\/Sch\u00fclerk\u00f6nig-Can-Tonn-225x300.jpg 225w, https:\/\/xn--schtzenverein-weckhoven-epc.de\/wp-content\/uploads\/2019\/05\/Sch\u00fclerk\u00f6nig-Can-Tonn-203x270.jpg 203w\" sizes=\"auto, (max-width: 768px) 100vw, 768px\" \/><\/a><figcaption>Can Tonn<br><br><\/figcaption><\/figure>\n\n\n\n<p><\/p>\n","protected":false},"excerpt":{"rendered":"<p>Beim Schie\u00dfen der Sch\u00fcler am 04.05.2019 in der Gastst\u00e4tte \u201eAlte Post\u201c konnte sich Can Tonn aus dem Artilleriecorps gegen seine Mitstreiter durchsetzen und holte mit dem 26. Schuss den Vogel von der Stange. Can besucht die sechste Klasse der Gesamtschule an der Erft. Als Lieblingsfach nennt er den Sportunterricht. Diese Sportlichkeit spiegelt sich auch in seinen weiteren Hobbies wider, denn neben der Mitgliedschaft im Sch\u00fctzenverein spielt der frisch gebackene Sch\u00fclerk\u00f6nig im linken Mittelfeld des TuS Reuschenberg. Can hat zwei Br\u00fcder&#8230;<\/p>\n<p class=\"read-more\"><a class=\"btn btn-default\" href=\"https:\/\/xn--schtzenverein-weckhoven-epc.de\/?p=1163\">Weiterlesen<span class=\"screen-reader-text\"> Weiterlesen<\/span><\/a><\/p>\n","protected":false},"author":2,"featured_media":0,"comment_status":"closed","ping_status":"closed","sticky":false,"template":"","format":"standard","meta":{"footnotes":""},"categories":[26],"tags":[],"class_list":["post-1163","post","type-post","status-publish","format-standard","hentry","category-archiv-2019"],"_links":{"self":[{"href":"https:\/\/xn--schtzenverein-weckhoven-epc.de\/index.php?rest_route=\/wp\/v2\/posts\/1163","targetHints":{"allow":["GET"]}}],"collection":[{"href":"https:\/\/xn--schtzenverein-weckhoven-epc.de\/index.php?rest_route=\/wp\/v2\/posts"}],"about":[{"href":"https:\/\/xn--schtzenverein-weckhoven-epc.de\/index.php?rest_route=\/wp\/v2\/types\/post"}],"author":[{"embeddable":true,"href":"https:\/\/xn--schtzenverein-weckhoven-epc.de\/index.php?rest_route=\/wp\/v2\/users\/2"}],"replies":[{"embeddable":true,"href":"https:\/\/xn--schtzenverein-weckhoven-epc.de\/index.php?rest_route=%2Fwp%2Fv2%2Fcomments&post=1163"}],"version-history":[{"count":3,"href":"https:\/\/xn--schtzenverein-weckhoven-epc.de\/index.php?rest_route=\/wp\/v2\/posts\/1163\/revisions"}],"predecessor-version":[{"id":1179,"href":"https:\/\/xn--schtzenverein-weckhoven-epc.de\/index.php?rest_route=\/wp\/v2\/posts\/1163\/revisions\/1179"}],"wp:attachment":[{"href":"https:\/\/xn--schtzenverein-weckhoven-epc.de\/index.php?rest_route=%2Fwp%2Fv2%2Fmedia&parent=1163"}],"wp:term":[{"taxonomy":"category","embeddable":true,"href":"https:\/\/xn--schtzenverein-weckhoven-epc.de\/index.php?rest_route=%2Fwp%2Fv2%2Fcategories&post=1163"},{"taxonomy":"post_tag","embeddable":true,"href":"https:\/\/xn--schtzenverein-weckhoven-epc.de\/index.php?rest_route=%2Fwp%2Fv2%2Ftags&post=1163"}],"curies":[{"name":"wp","href":"https:\/\/api.w.org\/{rel}","templated":true}]}}