{"id":1156,"date":"2019-05-05T08:34:29","date_gmt":"2019-05-05T06:34:29","guid":{"rendered":"http:\/\/xn--schtzenverein-weckhoven-epc.de\/?p=1156"},"modified":"2024-03-22T10:36:43","modified_gmt":"2024-03-22T08:36:43","slug":"bericht-oberstehrenabend-2","status":"publish","type":"post","link":"https:\/\/xn--schtzenverein-weckhoven-epc.de\/?p=1156","title":{"rendered":"Bericht Oberstehrenabend"},"content":{"rendered":"\n<p>Die diesj\u00e4hrigen Veranstaltungen zum K\u00f6nigvogelschie\u00dfen \/ Oberstehrenabend des Sch\u00fctzenvereins von 1863 Weckhoven e. V. begannen mit dem Schie\u00dfen der Sch\u00fcler in der Gastst\u00e4tte \u201eAlte Post\u201c. Dort waren beim Pf\u00e4nderschie\u00dfen erfolgreich: Kopfritter \u2013 Tim Kalinowski, Bundesfanfarencorps St. Paulus (32. Schuss); rechter Fl\u00fcgel \u2013 Jonas Grundmann, Bundesfanfarencorps St. Paulus (6. Schuss); linker Fl\u00fcgel \u2013 Phillip Szlaski, Gildezug Heidehirsch (41. Schuss) und Schweifritter \u2013 Max Thiele, Bundesfanfarencorps St. Paulus (5. Schuss).<\/p>\n\n\n\n<p>Durch die gute Zusammenarbeit der verantwortlichen Schie\u00dfmeister Harald Adolfs und Kevin Henke konnte parallel zur Ermittlung des K\u00f6nigs der Sch\u00fcler schon das Schie\u00dfen der Jungsch\u00fctzen am Hochstand bei Davids im Engels vorbereitet und hiermit einer zeitlichen Verz\u00f6gerung des Tagesablaufs proaktiv entgegengewirkt werden. Beim Wettkampf um den Rumpf hat sich <a href=\"http:\/\/sch\u00fctzenverein-weckhoven.de\/?p=1163\" target=\"_blank\" rel=\"noreferrer noopener\" aria-label=\"Can Tonn (\u00f6ffnet in neuem Tab)\">Can Tonn<\/a> aus dem Artilleriecorps gegen seine Mittstreiter durchsetzen k\u00f6nnen und holte mit dem 26. Schuss den Vogel von der Stange.<\/p>\n\n\n\n<p>Bei dem schon parallel begonnenen Jungsch\u00fctzenschie\u00dfen ging es rasch voran. Marco B\u00f6lling aus dem Gildezug Heidehirsch holte sich mit dem 6. Schuss den Kopf, Rene Adolfs \u2013 aus dem Gildefahnenzug Gute Kameraden mit dem 1. Schuss den rechten Fl\u00fcgel, Maximilian Klaus aus dem Bundesfanfarencorps St. Paulus mit dem 25. Schuss den linken Fl\u00fcgel und Tamara Kalinowski, ebenfalls aus dem Bundesfanfarencorps St. Paulus mit dem 7. Schuss den Schweif. Beim Wettkampf um die K\u00f6nigsw\u00fcrde der Jungsch\u00fctzen war <a rel=\"noreferrer noopener\" aria-label=\"Norman Piel  (\u00f6ffnet in neuem Tab)\" href=\"http:\/\/sch\u00fctzenverein-weckhoven.de\/?p=1165\" target=\"_blank\">Norman Piel <\/a>aus dem Bundesfanfarencorps St. Paulus erfolgreich und besiegte den Holzvogel mit dem 44. Schuss.<\/p>\n\n\n\n<p>Das Wetter an diesem Mai-Samstag war \u00e4u\u00dferst wechselhaft. Regen folgte auf Sonne und Sonne auf Regen. Dank der guten logistischen Vorbereitungen der Gastwirte des Davids im Engels, konnten jedoch mit ausreichendem Regenschutz s\u00e4mtliche Schie\u00dfveranstaltungen ohne Probleme durchgef\u00fchrt werden. Nach der Begr\u00fc\u00dfung des Pr\u00e4sidenten begannen die Schie\u00dfveranstaltungen f\u00fcr s\u00e4mtliche Sch\u00fctzen, die das Jungsch\u00fctzen-Alter \u00fcberschritten haben, mit dem Preisvogelschie\u00dfen. Hierbei waren erfolgreich: Kopf \u2013 Werner Hartmann, Reitercorps Weckhoven (1. Schuss); rechter Fl\u00fcgel \u2013 Michael M\u00fcller, Scheibensch\u00fctzenzug Erfttreu (24. Schuss); linker Fl\u00fcgel \u2013 Clemens Teusch, J\u00e4gerzug Dat Passt (21. Schuss), Schweif \u2013 Tobias Mensak, ebenfalls J\u00e4gerzug Dat Passt (1. Schuss), Rumpf \u2013 Achim Moll, Vorreiter (55. Schuss).<\/p>\n\n\n\n<p>Vor dem H\u00f6hepunkt des Tages \u2013 dem K\u00f6nigsvogelschie\u00dfen \u2013 mussten zun\u00e4chst die Ritter des Regimentes ermittelt werden. Daniel Thomas von den Vorreitern holte sich mit dem 3. Schuss den Kopf, Thomas Wegener aus dem Artilleriecorps mit dem 5. Schuss den rechten Fl\u00fcgel, Hubert Panknia aus dem J\u00e4gerzug Paul und Jupp den linken Fl\u00fcgel und Norbert Koprek aus dem Grenadierzug Lagerfeld 2000 mit dem 19. Schuss den Schweif.<\/p>\n\n\n\n<p>Als die Ritter ermittelt waren, trat <a href=\"http:\/\/sch\u00fctzenverein-weckhoven.de\/?p=1172\" target=\"_blank\" rel=\"noreferrer noopener\" aria-label=\"Jonas Sickel (\u00f6ffnet in neuem Tab)\">Jonas Sickel<\/a> an die Vogelstange und begann den Kampf gegen den Holzvogel, den er mit dem 41. Schuss gewann. Unter dem Jubel der Sch\u00fctzen wurde er auf den Schultern seiner Zugkameraden einmal durch den Biergarten des Engels getragen und erhielt anschlie\u00dfend von Pr\u00e4sident Dieter Moll das K\u00f6nigssilber des Sch\u00fctzenk\u00f6nigs von Weckhoven. Nachdem Grenadiermajor Bernd Linkamp das Kommando \u201eOberst noch Hus!\u201c gab, brachen Oberst, Adjutant und Vorstand auf, um gemeinsam mit der neuen Majest\u00e4t den ersten Vorbeimarsch seiner Amtszeit abzunehmen.&nbsp;<\/p>\n\n\n\n<p>Aufgrund der engen terminlichen Lage in diesem Jahr stand bereits schon das Festzelt f\u00fcr unser Sch\u00fctzenfest. F\u00fcr den Oberstehrenabend wurde jedoch nur das Thekenzelt bestuhlt, was f\u00fcr eine angenehm gem\u00fctliche Atmosph\u00e4re sorgte. Als die Sch\u00fctzen gerade noch rechtzeitig trocken im Festzelt ankamen wurde zun\u00e4chst das Ex-K\u00f6nigspaar Thomas und Conny Rei\u00df verabschiedet. Thomas dankte den Sch\u00fctzen f\u00fcr dieses wundersch\u00f6ne K\u00f6nigsjahr und \u00fcberreichte dem Pr\u00e4sidenten einen Orden f\u00fcr das K\u00f6nigssilber. Anschlie\u00dfend wurden Jonas und seine Frau Sonja Sickel den Weckhovener Sch\u00fctzen und G\u00e4sten vorgestellt und mit gesanglicher Unterst\u00fctzung ihres Zuges Erfttreu geb\u00fchrend gefeiert.<\/p>\n\n\n\n<p>Nach der Vorstellung und Ehrung des Edelknabenk\u00f6nigs Marc-Leon Lindenthal, Sch\u00fclerk\u00f6nigs Can Tonn und Jungsch\u00fctzenk\u00f6nigs Norman Piel begann der \u00dcbergang in den Oberstehrenabend. Dieter Moll \u00fcbergab Johannes Steinhauer ein Regiment mit knapp 500 Sch\u00fctzen und die Majore marschierten anschlie\u00dfend zur Gratulation auf.<\/p>\n\n\n\n<p>Der Ehrentanz, welcher den offiziellen Teil beendete, er\u00f6ffnete die Tanzfl\u00e4che f\u00fcr die Sch\u00fctzen, die gemeinsam mit der Band Popcorn eine ausgelassene und fr\u00f6hliche Party feierten, die die Vorfreude auf unser bevorstehendes Sch\u00fctzenfest Ende Mai weiter anregte.<\/p>\n\n\n\n<ul class=\"wp-block-gallery columns-3 is-cropped wp-block-gallery-1 is-layout-flex wp-block-gallery-is-layout-flex\"><li class=\"blocks-gallery-item\"><figure><a href=\"http:\/\/xn--schtzenverein-weckhoven-epc.de\/wp-content\/uploads\/2019\/05\/Jonas-Sickel-K\u00f6nigsschie\u00dfen-768x1024.jpg\"><img loading=\"lazy\" decoding=\"async\" width=\"768\" height=\"1024\" src=\"http:\/\/xn--schtzenverein-weckhoven-epc.de\/wp-content\/uploads\/2019\/05\/Jonas-Sickel-K\u00f6nigsschie\u00dfen-768x1024.jpg\" alt=\"\" data-id=\"1155\" data-link=\"http:\/\/xn--schtzenverein-weckhoven-epc.de\/?attachment_id=1155\" class=\"wp-image-1155\" srcset=\"https:\/\/xn--schtzenverein-weckhoven-epc.de\/wp-content\/uploads\/2019\/05\/Jonas-Sickel-K\u00f6nigsschie\u00dfen-768x1024.jpg 768w, https:\/\/xn--schtzenverein-weckhoven-epc.de\/wp-content\/uploads\/2019\/05\/Jonas-Sickel-K\u00f6nigsschie\u00dfen-225x300.jpg 225w, https:\/\/xn--schtzenverein-weckhoven-epc.de\/wp-content\/uploads\/2019\/05\/Jonas-Sickel-K\u00f6nigsschie\u00dfen-203x270.jpg 203w\" sizes=\"auto, (max-width: 768px) 100vw, 768px\" \/><\/a><figcaption>Jonas Sickel beim K\u00f6nigsvogelschie\u00dfen<\/figcaption><\/figure><\/li><li class=\"blocks-gallery-item\"><figure><a href=\"http:\/\/xn--schtzenverein-weckhoven-epc.de\/wp-content\/uploads\/2019\/05\/Jonas-Sickel-nach-K\u00f6nigsschuss-2-1024x768.jpg\"><img loading=\"lazy\" decoding=\"async\" width=\"1024\" height=\"768\" src=\"http:\/\/xn--schtzenverein-weckhoven-epc.de\/wp-content\/uploads\/2019\/05\/Jonas-Sickel-nach-K\u00f6nigsschuss-2-1024x768.jpg\" alt=\"\" data-id=\"1157\" data-link=\"http:\/\/xn--schtzenverein-weckhoven-epc.de\/?attachment_id=1157\" class=\"wp-image-1157\" srcset=\"https:\/\/xn--schtzenverein-weckhoven-epc.de\/wp-content\/uploads\/2019\/05\/Jonas-Sickel-nach-K\u00f6nigsschuss-2-1024x768.jpg 1024w, https:\/\/xn--schtzenverein-weckhoven-epc.de\/wp-content\/uploads\/2019\/05\/Jonas-Sickel-nach-K\u00f6nigsschuss-2-300x225.jpg 300w, https:\/\/xn--schtzenverein-weckhoven-epc.de\/wp-content\/uploads\/2019\/05\/Jonas-Sickel-nach-K\u00f6nigsschuss-2-768x576.jpg 768w, https:\/\/xn--schtzenverein-weckhoven-epc.de\/wp-content\/uploads\/2019\/05\/Jonas-Sickel-nach-K\u00f6nigsschuss-2-360x270.jpg 360w\" sizes=\"auto, (max-width: 1024px) 100vw, 1024px\" \/><\/a><figcaption>Jonas Sickel nach dem 41. Schuss<\/figcaption><\/figure><\/li><li class=\"blocks-gallery-item\"><figure><a href=\"http:\/\/xn--schtzenverein-weckhoven-epc.de\/wp-content\/uploads\/2019\/05\/Jonas-und-Sonja-Sickel-im-Zelt-2-768x1024.jpg\"><img loading=\"lazy\" decoding=\"async\" width=\"768\" height=\"1024\" src=\"http:\/\/xn--schtzenverein-weckhoven-epc.de\/wp-content\/uploads\/2019\/05\/Jonas-und-Sonja-Sickel-im-Zelt-2-768x1024.jpg\" alt=\"\" data-id=\"1159\" data-link=\"http:\/\/xn--schtzenverein-weckhoven-epc.de\/?attachment_id=1159\" class=\"wp-image-1159\" srcset=\"https:\/\/xn--schtzenverein-weckhoven-epc.de\/wp-content\/uploads\/2019\/05\/Jonas-und-Sonja-Sickel-im-Zelt-2-768x1024.jpg 768w, https:\/\/xn--schtzenverein-weckhoven-epc.de\/wp-content\/uploads\/2019\/05\/Jonas-und-Sonja-Sickel-im-Zelt-2-225x300.jpg 225w, https:\/\/xn--schtzenverein-weckhoven-epc.de\/wp-content\/uploads\/2019\/05\/Jonas-und-Sonja-Sickel-im-Zelt-2-203x270.jpg 203w\" sizes=\"auto, (max-width: 768px) 100vw, 768px\" \/><\/a><figcaption>Jonas und Sonja Sickel<\/figcaption><\/figure><\/li><\/ul>\n","protected":false},"excerpt":{"rendered":"<p>Die diesj\u00e4hrigen Veranstaltungen zum K\u00f6nigvogelschie\u00dfen \/ Oberstehrenabend des Sch\u00fctzenvereins von 1863 Weckhoven e. V. begannen mit dem Schie\u00dfen der Sch\u00fcler in der Gastst\u00e4tte \u201eAlte Post\u201c. Dort waren beim Pf\u00e4nderschie\u00dfen erfolgreich: Kopfritter \u2013 Tim Kalinowski, Bundesfanfarencorps St. Paulus (32. Schuss); rechter Fl\u00fcgel \u2013 Jonas Grundmann, Bundesfanfarencorps St. Paulus (6. Schuss); linker Fl\u00fcgel \u2013 Phillip Szlaski, Gildezug Heidehirsch (41. Schuss) und Schweifritter \u2013 Max Thiele, Bundesfanfarencorps St. Paulus (5. Schuss). Durch die gute Zusammenarbeit der verantwortlichen Schie\u00dfmeister Harald Adolfs und Kevin Henke&#8230;<\/p>\n<p class=\"read-more\"><a class=\"btn btn-default\" href=\"https:\/\/xn--schtzenverein-weckhoven-epc.de\/?p=1156\">Weiterlesen<span class=\"screen-reader-text\"> Weiterlesen<\/span><\/a><\/p>\n","protected":false},"author":2,"featured_media":0,"comment_status":"closed","ping_status":"closed","sticky":false,"template":"","format":"standard","meta":{"footnotes":""},"categories":[26],"tags":[],"class_list":["post-1156","post","type-post","status-publish","format-standard","hentry","category-archiv-2019"],"_links":{"self":[{"href":"https:\/\/xn--schtzenverein-weckhoven-epc.de\/index.php?rest_route=\/wp\/v2\/posts\/1156","targetHints":{"allow":["GET"]}}],"collection":[{"href":"https:\/\/xn--schtzenverein-weckhoven-epc.de\/index.php?rest_route=\/wp\/v2\/posts"}],"about":[{"href":"https:\/\/xn--schtzenverein-weckhoven-epc.de\/index.php?rest_route=\/wp\/v2\/types\/post"}],"author":[{"embeddable":true,"href":"https:\/\/xn--schtzenverein-weckhoven-epc.de\/index.php?rest_route=\/wp\/v2\/users\/2"}],"replies":[{"embeddable":true,"href":"https:\/\/xn--schtzenverein-weckhoven-epc.de\/index.php?rest_route=%2Fwp%2Fv2%2Fcomments&post=1156"}],"version-history":[{"count":5,"href":"https:\/\/xn--schtzenverein-weckhoven-epc.de\/index.php?rest_route=\/wp\/v2\/posts\/1156\/revisions"}],"predecessor-version":[{"id":1187,"href":"https:\/\/xn--schtzenverein-weckhoven-epc.de\/index.php?rest_route=\/wp\/v2\/posts\/1156\/revisions\/1187"}],"wp:attachment":[{"href":"https:\/\/xn--schtzenverein-weckhoven-epc.de\/index.php?rest_route=%2Fwp%2Fv2%2Fmedia&parent=1156"}],"wp:term":[{"taxonomy":"category","embeddable":true,"href":"https:\/\/xn--schtzenverein-weckhoven-epc.de\/index.php?rest_route=%2Fwp%2Fv2%2Fcategories&post=1156"},{"taxonomy":"post_tag","embeddable":true,"href":"https:\/\/xn--schtzenverein-weckhoven-epc.de\/index.php?rest_route=%2Fwp%2Fv2%2Ftags&post=1156"}],"curies":[{"name":"wp","href":"https:\/\/api.w.org\/{rel}","templated":true}]}}