{"id":1141,"date":"2019-04-28T14:57:08","date_gmt":"2019-04-28T12:57:08","guid":{"rendered":"http:\/\/xn--schtzenverein-weckhoven-epc.de\/?p=1141"},"modified":"2024-03-22T10:37:17","modified_gmt":"2024-03-22T08:37:17","slug":"2-generalversammlung-5","status":"publish","type":"post","link":"https:\/\/xn--schtzenverein-weckhoven-epc.de\/?p=1141","title":{"rendered":"2. Generalversammlung"},"content":{"rendered":"\n<p>Die 2. Generalversammlung des Sch\u00fctzenvereins von 1863 Weckhoven e. V. fand am 28.04.2019 im Saal der Gastst\u00e4tte \u201eDavids im Engels\u201c um 10:30 Uhr statt. Insbesondere die Ehrenmitglieder Herbert Bolten, Martin Kluth und der Vertreter der Neuss-Grevenbroicher Zeitung Rolf Hoppe wurden zu Beginn der Versammlung begr\u00fc\u00dft^. <\/p>\n\n\n\n<p>Nach dem Totengedenken wurde zun\u00e4chst Jonas Sickel als K\u00f6nigsaspirant vorgestellt. Anschlie\u00dfend erfolgte die St\u00e4rkemeldung der Korps durch die Majore. Oberst Johannes Steinhauer berichtete \u00fcber den Ablauf der Sch\u00fctzenfesttage und hebte hierbei die Er\u00f6ffnung des Sch\u00fctzenfestes nebst Kindergartenumzug am Samstag um 12:00 Uhr und den Besuch der Grundschule am Sch\u00fctzenfestmontag um 10:30 Uhr hervor.<\/p>\n\n\n\n<p>Unter dem Punkt \u201eDer Vorstand informiert\u201c wurde f\u00fcr die Teilnahme am Schulbesuch am 07.05.2019 geworben. Treffen ist um 9:45 Uhr und die Unterrichtsstunde \u201eSch\u00fctzenwesen\u201c f\u00fcr die dritten Klassen beginnt um 10:00 Uhr. Die evangelische Tageseinrichtung f\u00fcr Kinder \u201eFriederike Fliedner\u201c, welche seit Jahren den Kindergartenumzug organisiert, wird in diesem Jahr eine Residenz am Kindergarten mithilfe des Artilleriecorps aufbauen. Die Sch\u00fctzen werden gebeten Uniformteile an den Kindergarten zu spenden, sodass hieraus neue Kinderuniformen gen\u00e4ht werden k\u00f6nnen.&nbsp;<\/p>\n\n\n\n<p>Sowohl der Festplatz, als auch das Festzelt werden in diesem Jahr minimal ver\u00e4ndert. Durch eine Verkleinerung des Hauptzeltes um 5 Meter wird wieder ein Einmarsch \u00fcber das Thekenzelt erm\u00f6glicht. Ebenso wird ein neuartiges Karussell aufgebaut, welches in Weckhoven seine Premiere feiern wird.&nbsp;<\/p>\n\n\n\n<p>Die Kinderbelustigung am Sch\u00fctzenfestmontag wird gr\u00f6\u00dfer als im letzten Jahr ausfallen. Die dritten Klassen der Grundschule werden von den Sch\u00fctzen abgeholt und ziehen gemeinsam zum Festzelt zur Kinderbelustigung. Dort werden auch die Kinder der evangelischen Tageseinrichtung teilnehmen. Neben dem kleinen Zirkus, welcher im letzten Jahr gut angekommen ist, wird K\u00f6nigsaspirant Jonas Sickel eine weitere kleine \u00dcberraschung f\u00fcr die Kinder organisieren.&nbsp;<\/p>\n\n\n\n<p>Dieter Moll warb noch einmal f\u00fcr das Stadtteilfest am 29.06.2019. Die Anmeldung zum \u201eHuman-Table-Kicker\u201c-Turnier, welches von den Vorreitern und dem Reitercorps organisiert wird, erfolgt an Sch\u00fctzenfest.&nbsp;<\/p>\n\n\n\n<p>Hinsichtlich der Gestaltung der Sch\u00fctzenfesttage (Kassendienste, Einladungen, Ehrungen) wurden die bereits mitgeteilten Informationen aus der 1. Generalversammlung wiederholt. Befreiungsantr\u00e4ge f\u00fcr Schulkinder k\u00f6nnen vom 1. Schriftf\u00fchrer Manuel Knuppertz ausgestellt werden. Der Pr\u00e4sident warb nochmals ausdr\u00fccklich f\u00fcr die Einladung altverdienter Sch\u00fctzen zur Paradeabnahme am Sch\u00fctzenfestmontag.&nbsp;<\/p>\n\n\n\n<p>In seinen Schlussworten w\u00fcnschte Dieter Moll allen Sch\u00fctzen einen sch\u00f6nen Oberstehrenabend am kommenden Samstag und stellte fest, dass schon in 26 Tagen das Weckhovener Sch\u00fctzenfest beginnt.&nbsp;<\/p>\n","protected":false},"excerpt":{"rendered":"<p>Die 2. Generalversammlung des Sch\u00fctzenvereins von 1863 Weckhoven e. V. fand am 28.04.2019 im Saal der Gastst\u00e4tte \u201eDavids im Engels\u201c um 10:30 Uhr statt. Insbesondere die Ehrenmitglieder Herbert Bolten, Martin Kluth und der Vertreter der Neuss-Grevenbroicher Zeitung Rolf Hoppe wurden zu Beginn der Versammlung begr\u00fc\u00dft^. Nach dem Totengedenken wurde zun\u00e4chst Jonas Sickel als K\u00f6nigsaspirant vorgestellt. Anschlie\u00dfend erfolgte die St\u00e4rkemeldung der Korps durch die Majore. Oberst Johannes Steinhauer berichtete \u00fcber den Ablauf der Sch\u00fctzenfesttage und hebte hierbei die Er\u00f6ffnung des Sch\u00fctzenfestes&#8230;<\/p>\n<p class=\"read-more\"><a class=\"btn btn-default\" href=\"https:\/\/xn--schtzenverein-weckhoven-epc.de\/?p=1141\">Weiterlesen<span class=\"screen-reader-text\"> Weiterlesen<\/span><\/a><\/p>\n","protected":false},"author":2,"featured_media":0,"comment_status":"closed","ping_status":"closed","sticky":false,"template":"","format":"standard","meta":{"footnotes":""},"categories":[26],"tags":[],"class_list":["post-1141","post","type-post","status-publish","format-standard","hentry","category-archiv-2019"],"_links":{"self":[{"href":"https:\/\/xn--schtzenverein-weckhoven-epc.de\/index.php?rest_route=\/wp\/v2\/posts\/1141","targetHints":{"allow":["GET"]}}],"collection":[{"href":"https:\/\/xn--schtzenverein-weckhoven-epc.de\/index.php?rest_route=\/wp\/v2\/posts"}],"about":[{"href":"https:\/\/xn--schtzenverein-weckhoven-epc.de\/index.php?rest_route=\/wp\/v2\/types\/post"}],"author":[{"embeddable":true,"href":"https:\/\/xn--schtzenverein-weckhoven-epc.de\/index.php?rest_route=\/wp\/v2\/users\/2"}],"replies":[{"embeddable":true,"href":"https:\/\/xn--schtzenverein-weckhoven-epc.de\/index.php?rest_route=%2Fwp%2Fv2%2Fcomments&post=1141"}],"version-history":[{"count":2,"href":"https:\/\/xn--schtzenverein-weckhoven-epc.de\/index.php?rest_route=\/wp\/v2\/posts\/1141\/revisions"}],"predecessor-version":[{"id":1146,"href":"https:\/\/xn--schtzenverein-weckhoven-epc.de\/index.php?rest_route=\/wp\/v2\/posts\/1141\/revisions\/1146"}],"wp:attachment":[{"href":"https:\/\/xn--schtzenverein-weckhoven-epc.de\/index.php?rest_route=%2Fwp%2Fv2%2Fmedia&parent=1141"}],"wp:term":[{"taxonomy":"category","embeddable":true,"href":"https:\/\/xn--schtzenverein-weckhoven-epc.de\/index.php?rest_route=%2Fwp%2Fv2%2Fcategories&post=1141"},{"taxonomy":"post_tag","embeddable":true,"href":"https:\/\/xn--schtzenverein-weckhoven-epc.de\/index.php?rest_route=%2Fwp%2Fv2%2Ftags&post=1141"}],"curies":[{"name":"wp","href":"https:\/\/api.w.org\/{rel}","templated":true}]}}